{"id":297,"date":"2012-10-11T12:09:18","date_gmt":"2012-10-11T15:09:18","guid":{"rendered":"http:\/\/canosa.com\/?p=297"},"modified":"2016-06-04T19:04:49","modified_gmt":"2016-06-04T22:04:49","slug":"javier-canosa-formo-parte-del-panel-de-expertos-en-la-conferencia-latinoamericana-step","status":"publish","type":"post","link":"https:\/\/canosa.com\/es\/javier-canosa-formo-parte-del-panel-de-expertos-en-la-conferencia-latinoamericana-step\/","title":{"rendered":"Javier Canosa form\u00f3 parte del panel de expertos en la Conferencia Latinoamericana STEP"},"content":{"rendered":"<p>Javier Canosa particip\u00f3 en la Conferencia Latinoamericana STEP, Society of Trust and Estate Practitioners, celebrada el 27 y 28 de septiembre de 2012 en el Hotel Riu Plaza en la ciudad de Panam\u00e1.<\/p>\n<p>La Conferencia ha tenido entre sus principales objetivos el establecer una fuerte red de profesionales locales y extranjeros, a los fines de desempe\u00f1arse con mayor eficacia en el logro de los objetivos de sus respectivas organizaciones.<\/p>\n<p>Javier Canosa, ha formado parte del panel de expertos en representaci\u00f3n de Argentina, conjuntamente con representantes de Colombia y Ecuador, acerca de diversas reformas tributarias y la evoluci\u00f3n actual de los impuestos que afectan la planificaci\u00f3n patrimonial de cada pa\u00eds.<\/p>\n<p><span style=\"text-decoration: underline;\"><a href=\"http:\/\/www.steplatamconference.com\/schedule.html\" target=\"_blank\">Haga click aqu\u00ed<\/a><\/span> para encontrar m\u00e1s informaci\u00f3n acerca de la Conferencia.<\/p>\n<div id='gallery-1' class='gallery galleryid-297 gallery-columns-3 gallery-size-thumbnail'><figure class='gallery-item'>\n\t\t\t<div class='gallery-icon '>\n\t\t\t\t<a href='https:\/\/canosa.com\/es\/javier-canosa-formo-parte-del-panel-de-expertos-en-la-conferencia-latinoamericana-step\/nueva-imagen2\/'><img loading=\"lazy\" decoding=\"async\" width=\"1\" height=\"1\" src=\"https:\/\/canosa.com\/app\/uploads\/Nueva-imagen2.jpg\" class=\"attachment-thumbnail size-thumbnail\" alt=\"\" \/><\/a>\n\t\t\t<\/div><\/figure><figure class='gallery-item'>\n\t\t\t<div class='gallery-icon '>\n\t\t\t\t<a href='https:\/\/canosa.com\/es\/javier-canosa-formo-parte-del-panel-de-expertos-en-la-conferencia-latinoamericana-step\/nueva-imagen2-2\/'><img loading=\"lazy\" decoding=\"async\" width=\"1\" height=\"1\" src=\"https:\/\/canosa.com\/app\/uploads\/Nueva-imagen21.jpg\" class=\"attachment-thumbnail size-thumbnail\" alt=\"\" \/><\/a>\n\t\t\t<\/div><\/figure><figure class='gallery-item'>\n\t\t\t<div class='gallery-icon '>\n\t\t\t\t<a href='https:\/\/canosa.com\/es\/javier-canosa-formo-parte-del-panel-de-expertos-en-la-conferencia-latinoamericana-step\/nueva-imagen2-3\/'><img loading=\"lazy\" decoding=\"async\" width=\"1\" height=\"1\" src=\"https:\/\/canosa.com\/app\/uploads\/Nueva-imagen2.jpg\" class=\"attachment-thumbnail size-thumbnail\" alt=\"\" \/><\/a>\n\t\t\t<\/div><\/figure><figure class='gallery-item'>\n\t\t\t<div class='gallery-icon '>\n\t\t\t\t<a href='https:\/\/canosa.com\/es\/javier-canosa-formo-parte-del-panel-de-expertos-en-la-conferencia-latinoamericana-step\/nueva-imagen2-2-2\/'><img loading=\"lazy\" decoding=\"async\" width=\"1\" height=\"1\" src=\"https:\/\/canosa.com\/app\/uploads\/Nueva-imagen21.jpg\" class=\"attachment-thumbnail size-thumbnail\" alt=\"\" \/><\/a>\n\t\t\t<\/div><\/figure>\n\t\t<\/div>\n\n","protected":false},"excerpt":{"rendered":"<p>Javier Canosa particip\u00f3 en la Conferencia Latinoamericana STEP, Society of Trust and Estate Practitioners, celebrada el 27 y 28 de septiembre de 2012 en el Hotel Riu Plaza en la ciudad de Panam\u00e1. La Conferencia ha tenido entre sus principales objetivos el establecer una fuerte red de profesionales locales y extranjeros, a los fines de &hellip; <a href=\"https:\/\/canosa.com\/es\/javier-canosa-formo-parte-del-panel-de-expertos-en-la-conferencia-latinoamericana-step\/\">Continued<\/a><\/p>\n","protected":false},"author":2,"featured_media":0,"comment_status":"closed","ping_status":"open","sticky":false,"template":"","format":"standard","meta":{"_acf_changed":false,"footnotes":""},"categories":[12],"tags":[],"class_list":["post-297","post","type-post","status-publish","format-standard","hentry","category-prensa"],"acf":[],"yoast_head":"<!-- This site is optimized with the Yoast SEO plugin v28.2 - https:\/\/yoast.com\/product\/yoast-seo-wordpress\/ -->\n<title>Javier Canosa form\u00f3 parte del panel de expertos en la Conferencia Latinoamericana STEP - Canosa Abogados<\/title>\n<meta name=\"robots\" content=\"index, follow, max-snippet:-1, max-image-preview:large, max-video-preview:-1\" \/>\n<link rel=\"canonical\" href=\"https:\/\/canosa.com\/es\/javier-canosa-formo-parte-del-panel-de-expertos-en-la-conferencia-latinoamericana-step\/\" \/>\n<meta property=\"og:locale\" content=\"es_ES\" \/>\n<meta property=\"og:type\" content=\"article\" \/>\n<meta property=\"og:title\" content=\"Javier Canosa form\u00f3 parte del panel de expertos en la Conferencia Latinoamericana STEP - Canosa Abogados\" \/>\n<meta property=\"og:description\" content=\"Javier Canosa particip\u00f3 en la Conferencia Latinoamericana STEP, Society of Trust and Estate Practitioners, celebrada el 27 y 28 de septiembre de 2012 en el Hotel Riu Plaza en la ciudad de Panam\u00e1. La Conferencia ha tenido entre sus principales objetivos el establecer una fuerte red de profesionales locales y extranjeros, a los fines de &hellip; Continued\" \/>\n<meta property=\"og:url\" content=\"https:\/\/canosa.com\/es\/javier-canosa-formo-parte-del-panel-de-expertos-en-la-conferencia-latinoamericana-step\/\" \/>\n<meta property=\"og:site_name\" content=\"Canosa Abogados\" \/>\n<meta property=\"article:published_time\" content=\"2012-10-11T15:09:18+00:00\" \/>\n<meta property=\"article:modified_time\" content=\"2016-06-04T22:04:49+00:00\" \/>\n<meta property=\"og:image\" content=\"https:\/\/canosa.com\/app\/uploads\/Nueva-imagen2.jpg\" \/>\n<meta name=\"author\" content=\"canosa\" \/>\n<meta name=\"twitter:label1\" content=\"Written by\" \/>\n\t<meta name=\"twitter:data1\" content=\"canosa\" \/>\n\t<meta name=\"twitter:label2\" content=\"Est. reading time\" \/>\n\t<meta name=\"twitter:data2\" content=\"1 minute\" \/>\n<script type=\"application\/ld+json\" class=\"yoast-schema-graph\">{\"@context\":\"https:\\\/\\\/schema.org\",\"@graph\":[{\"@type\":\"Article\",\"@id\":\"https:\\\/\\\/canosa.com\\\/es\\\/javier-canosa-formo-parte-del-panel-de-expertos-en-la-conferencia-latinoamericana-step\\\/#article\",\"isPartOf\":{\"@id\":\"https:\\\/\\\/canosa.com\\\/es\\\/javier-canosa-formo-parte-del-panel-de-expertos-en-la-conferencia-latinoamericana-step\\\/\"},\"author\":{\"name\":\"canosa\",\"@id\":\"https:\\\/\\\/canosa.com\\\/#\\\/schema\\\/person\\\/76176820718fc975b0b091e8a397a6ff\"},\"headline\":\"Javier Canosa form\u00f3 parte del panel de expertos en la Conferencia Latinoamericana STEP\",\"datePublished\":\"2012-10-11T15:09:18+00:00\",\"dateModified\":\"2016-06-04T22:04:49+00:00\",\"mainEntityOfPage\":{\"@id\":\"https:\\\/\\\/canosa.com\\\/es\\\/javier-canosa-formo-parte-del-panel-de-expertos-en-la-conferencia-latinoamericana-step\\\/\"},\"wordCount\":138,\"articleSection\":[\"Prensa\"],\"inLanguage\":\"es-ES\"},{\"@type\":\"WebPage\",\"@id\":\"https:\\\/\\\/canosa.com\\\/es\\\/javier-canosa-formo-parte-del-panel-de-expertos-en-la-conferencia-latinoamericana-step\\\/\",\"url\":\"https:\\\/\\\/canosa.com\\\/es\\\/javier-canosa-formo-parte-del-panel-de-expertos-en-la-conferencia-latinoamericana-step\\\/\",\"name\":\"Javier Canosa form\u00f3 parte del panel de expertos en la Conferencia Latinoamericana STEP - Canosa Abogados\",\"isPartOf\":{\"@id\":\"https:\\\/\\\/canosa.com\\\/#website\"},\"datePublished\":\"2012-10-11T15:09:18+00:00\",\"dateModified\":\"2016-06-04T22:04:49+00:00\",\"author\":{\"@id\":\"https:\\\/\\\/canosa.com\\\/#\\\/schema\\\/person\\\/76176820718fc975b0b091e8a397a6ff\"},\"inLanguage\":\"es-ES\",\"potentialAction\":[{\"@type\":\"ReadAction\",\"target\":[\"https:\\\/\\\/canosa.com\\\/es\\\/javier-canosa-formo-parte-del-panel-de-expertos-en-la-conferencia-latinoamericana-step\\\/\"]}]},{\"@type\":\"WebSite\",\"@id\":\"https:\\\/\\\/canosa.com\\\/#website\",\"url\":\"https:\\\/\\\/canosa.com\\\/\",\"name\":\"Canosa Abogados\",\"description\":\"Abogados\",\"potentialAction\":[{\"@type\":\"SearchAction\",\"target\":{\"@type\":\"EntryPoint\",\"urlTemplate\":\"https:\\\/\\\/canosa.com\\\/?s={search_term_string}\"},\"query-input\":{\"@type\":\"PropertyValueSpecification\",\"valueRequired\":true,\"valueName\":\"search_term_string\"}}],\"inLanguage\":\"es-ES\"},{\"@type\":\"Person\",\"@id\":\"https:\\\/\\\/canosa.com\\\/#\\\/schema\\\/person\\\/76176820718fc975b0b091e8a397a6ff\",\"name\":\"canosa\",\"image\":{\"@type\":\"ImageObject\",\"inLanguage\":\"es-ES\",\"@id\":\"https:\\\/\\\/secure.gravatar.com\\\/avatar\\\/6cd643e6a187fe6fe0aeed422915178fc5afba5be0d92e9868b082f185408f85?s=96&d=mm&r=g\",\"url\":\"https:\\\/\\\/secure.gravatar.com\\\/avatar\\\/6cd643e6a187fe6fe0aeed422915178fc5afba5be0d92e9868b082f185408f85?s=96&d=mm&r=g\",\"contentUrl\":\"https:\\\/\\\/secure.gravatar.com\\\/avatar\\\/6cd643e6a187fe6fe0aeed422915178fc5afba5be0d92e9868b082f185408f85?s=96&d=mm&r=g\",\"caption\":\"canosa\"},\"url\":\"https:\\\/\\\/canosa.com\\\/es\\\/author\\\/canosa\\\/\"}]}<\/script>\n<!-- \/ Yoast SEO plugin. -->","yoast_head_json":{"title":"Javier Canosa form\u00f3 parte del panel de expertos en la Conferencia Latinoamericana STEP - Canosa Abogados","robots":{"index":"index","follow":"follow","max-snippet":"max-snippet:-1","max-image-preview":"max-image-preview:large","max-video-preview":"max-video-preview:-1"},"canonical":"https:\/\/canosa.com\/es\/javier-canosa-formo-parte-del-panel-de-expertos-en-la-conferencia-latinoamericana-step\/","og_locale":"es_ES","og_type":"article","og_title":"Javier Canosa form\u00f3 parte del panel de expertos en la Conferencia Latinoamericana STEP - Canosa Abogados","og_description":"Javier Canosa particip\u00f3 en la Conferencia Latinoamericana STEP, Society of Trust and Estate Practitioners, celebrada el 27 y 28 de septiembre de 2012 en el Hotel Riu Plaza en la ciudad de Panam\u00e1. La Conferencia ha tenido entre sus principales objetivos el establecer una fuerte red de profesionales locales y extranjeros, a los fines de &hellip; Continued","og_url":"https:\/\/canosa.com\/es\/javier-canosa-formo-parte-del-panel-de-expertos-en-la-conferencia-latinoamericana-step\/","og_site_name":"Canosa Abogados","article_published_time":"2012-10-11T15:09:18+00:00","article_modified_time":"2016-06-04T22:04:49+00:00","og_image":[{"url":"https:\/\/canosa.com\/app\/uploads\/Nueva-imagen2.jpg","type":"","width":"","height":""}],"author":"canosa","twitter_misc":{"Written by":"canosa","Est. reading time":"1 minute"},"schema":{"@context":"https:\/\/schema.org","@graph":[{"@type":"Article","@id":"https:\/\/canosa.com\/es\/javier-canosa-formo-parte-del-panel-de-expertos-en-la-conferencia-latinoamericana-step\/#article","isPartOf":{"@id":"https:\/\/canosa.com\/es\/javier-canosa-formo-parte-del-panel-de-expertos-en-la-conferencia-latinoamericana-step\/"},"author":{"name":"canosa","@id":"https:\/\/canosa.com\/#\/schema\/person\/76176820718fc975b0b091e8a397a6ff"},"headline":"Javier Canosa form\u00f3 parte del panel de expertos en la Conferencia Latinoamericana STEP","datePublished":"2012-10-11T15:09:18+00:00","dateModified":"2016-06-04T22:04:49+00:00","mainEntityOfPage":{"@id":"https:\/\/canosa.com\/es\/javier-canosa-formo-parte-del-panel-de-expertos-en-la-conferencia-latinoamericana-step\/"},"wordCount":138,"articleSection":["Prensa"],"inLanguage":"es-ES"},{"@type":"WebPage","@id":"https:\/\/canosa.com\/es\/javier-canosa-formo-parte-del-panel-de-expertos-en-la-conferencia-latinoamericana-step\/","url":"https:\/\/canosa.com\/es\/javier-canosa-formo-parte-del-panel-de-expertos-en-la-conferencia-latinoamericana-step\/","name":"Javier Canosa form\u00f3 parte del panel de expertos en la Conferencia Latinoamericana STEP - Canosa Abogados","isPartOf":{"@id":"https:\/\/canosa.com\/#website"},"datePublished":"2012-10-11T15:09:18+00:00","dateModified":"2016-06-04T22:04:49+00:00","author":{"@id":"https:\/\/canosa.com\/#\/schema\/person\/76176820718fc975b0b091e8a397a6ff"},"inLanguage":"es-ES","potentialAction":[{"@type":"ReadAction","target":["https:\/\/canosa.com\/es\/javier-canosa-formo-parte-del-panel-de-expertos-en-la-conferencia-latinoamericana-step\/"]}]},{"@type":"WebSite","@id":"https:\/\/canosa.com\/#website","url":"https:\/\/canosa.com\/","name":"Canosa Abogados","description":"Abogados","potentialAction":[{"@type":"SearchAction","target":{"@type":"EntryPoint","urlTemplate":"https:\/\/canosa.com\/?s={search_term_string}"},"query-input":{"@type":"PropertyValueSpecification","valueRequired":true,"valueName":"search_term_string"}}],"inLanguage":"es-ES"},{"@type":"Person","@id":"https:\/\/canosa.com\/#\/schema\/person\/76176820718fc975b0b091e8a397a6ff","name":"canosa","image":{"@type":"ImageObject","inLanguage":"es-ES","@id":"https:\/\/secure.gravatar.com\/avatar\/6cd643e6a187fe6fe0aeed422915178fc5afba5be0d92e9868b082f185408f85?s=96&d=mm&r=g","url":"https:\/\/secure.gravatar.com\/avatar\/6cd643e6a187fe6fe0aeed422915178fc5afba5be0d92e9868b082f185408f85?s=96&d=mm&r=g","contentUrl":"https:\/\/secure.gravatar.com\/avatar\/6cd643e6a187fe6fe0aeed422915178fc5afba5be0d92e9868b082f185408f85?s=96&d=mm&r=g","caption":"canosa"},"url":"https:\/\/canosa.com\/es\/author\/canosa\/"}]}},"_links":{"self":[{"href":"https:\/\/canosa.com\/es\/wp-json\/wp\/v2\/posts\/297","targetHints":{"allow":["GET"]}}],"collection":[{"href":"https:\/\/canosa.com\/es\/wp-json\/wp\/v2\/posts"}],"about":[{"href":"https:\/\/canosa.com\/es\/wp-json\/wp\/v2\/types\/post"}],"author":[{"embeddable":true,"href":"https:\/\/canosa.com\/es\/wp-json\/wp\/v2\/users\/2"}],"replies":[{"embeddable":true,"href":"https:\/\/canosa.com\/es\/wp-json\/wp\/v2\/comments?post=297"}],"version-history":[{"count":1,"href":"https:\/\/canosa.com\/es\/wp-json\/wp\/v2\/posts\/297\/revisions"}],"predecessor-version":[{"id":1114,"href":"https:\/\/canosa.com\/es\/wp-json\/wp\/v2\/posts\/297\/revisions\/1114"}],"wp:attachment":[{"href":"https:\/\/canosa.com\/es\/wp-json\/wp\/v2\/media?parent=297"}],"wp:term":[{"taxonomy":"category","embeddable":true,"href":"https:\/\/canosa.com\/es\/wp-json\/wp\/v2\/categories?post=297"},{"taxonomy":"post_tag","embeddable":true,"href":"https:\/\/canosa.com\/es\/wp-json\/wp\/v2\/tags?post=297"}],"curies":[{"name":"wp","href":"https:\/\/api.w.org\/{rel}","templated":true}]}}