{"id":3062,"date":"2016-10-17T12:42:12","date_gmt":"2016-10-17T15:42:12","guid":{"rendered":"http:\/\/canosa.com\/es\/?p=3062"},"modified":"2016-10-18T12:24:36","modified_gmt":"2016-10-18T15:24:36","slug":"javier-canosa-participo-del-evento-argentina-un-ano-bajo-el-gobierno-de-macri","status":"publish","type":"post","link":"https:\/\/canosa.com\/es\/javier-canosa-participo-del-evento-argentina-un-ano-bajo-el-gobierno-de-macri\/","title":{"rendered":"Javier Canosa particip\u00f3 del evento \u201cArgentina: un a\u00f1o bajo el gobierno de Macri\u201d."},"content":{"rendered":"<p>En el mes de octubre de 2016, Javier Canosa dio una presentaci\u00f3n en un seminario sobre el gobierno del presidente Mauricio Macri. El seminario \u201cArgentina: un a\u00f1o bajo el gobierno de Macri\u201d se llev\u00f3 a cabo en las oficinas del estudio jur\u00eddico Peters &amp; Peters Solicitors LLP en Londres.<\/p>\n<p>Haga click <a href=\"https:\/\/www.petersandpeters.com\/events\/2016\/10\/keith-oliver-chairs-argentina-year-macri-event\/\">aqu\u00ed<\/a> para m\u00e1s informaci\u00f3n.<\/p>\n<p><img loading=\"lazy\" decoding=\"async\" class=\"size-medium wp-image-3064 aligncenter\" src=\"http:\/\/canosa.com\/app\/uploads\/2016\/10\/Latin-America-Hosting-Day-640x640.jpg\" alt=\"Latin America Hosting Day\" width=\"640\" height=\"640\" srcset=\"https:\/\/canosa.com\/app\/uploads\/2016\/10\/Latin-America-Hosting-Day-640x640.jpg 640w, https:\/\/canosa.com\/app\/uploads\/2016\/10\/Latin-America-Hosting-Day-768x768.jpg 768w\" sizes=\"auto, (max-width: 640px) 100vw, 640px\" \/><\/p>\n","protected":false},"excerpt":{"rendered":"<p>En el mes de octubre de 2016, Javier Canosa dio una presentaci\u00f3n en un seminario sobre el gobierno del presidente Mauricio Macri. El seminario \u201cArgentina: un a\u00f1o bajo el gobierno de Macri\u201d se llev\u00f3 a cabo en las oficinas del estudio jur\u00eddico Peters &amp; Peters Solicitors LLP en Londres. Haga click aqu\u00ed para m\u00e1s informaci\u00f3n.<\/p>\n","protected":false},"author":2,"featured_media":0,"comment_status":"closed","ping_status":"open","sticky":false,"template":"","format":"standard","meta":{"_acf_changed":false,"footnotes":""},"categories":[14],"tags":[],"class_list":["post-3062","post","type-post","status-publish","format-standard","hentry","category-sin-categoria"],"acf":[],"yoast_head":"<!-- This site is optimized with the Yoast SEO plugin v28.2 - https:\/\/yoast.com\/product\/yoast-seo-wordpress\/ -->\n<title>Javier Canosa particip\u00f3 del evento \u201cArgentina: un a\u00f1o bajo el gobierno de Macri\u201d. - Canosa Abogados<\/title>\n<meta name=\"robots\" content=\"index, follow, max-snippet:-1, max-image-preview:large, max-video-preview:-1\" \/>\n<link rel=\"canonical\" href=\"https:\/\/canosa.com\/es\/javier-canosa-participo-del-evento-argentina-un-ano-bajo-el-gobierno-de-macri\/\" \/>\n<meta property=\"og:locale\" content=\"es_ES\" \/>\n<meta property=\"og:type\" content=\"article\" \/>\n<meta property=\"og:title\" content=\"Javier Canosa particip\u00f3 del evento \u201cArgentina: un a\u00f1o bajo el gobierno de Macri\u201d. - Canosa Abogados\" \/>\n<meta property=\"og:description\" content=\"En el mes de octubre de 2016, Javier Canosa dio una presentaci\u00f3n en un seminario sobre el gobierno del presidente Mauricio Macri. El seminario \u201cArgentina: un a\u00f1o bajo el gobierno de Macri\u201d se llev\u00f3 a cabo en las oficinas del estudio jur\u00eddico Peters &amp; Peters Solicitors LLP en Londres. Haga click aqu\u00ed para m\u00e1s informaci\u00f3n.\" \/>\n<meta property=\"og:url\" content=\"https:\/\/canosa.com\/es\/javier-canosa-participo-del-evento-argentina-un-ano-bajo-el-gobierno-de-macri\/\" \/>\n<meta property=\"og:site_name\" content=\"Canosa Abogados\" \/>\n<meta property=\"article:published_time\" content=\"2016-10-17T15:42:12+00:00\" \/>\n<meta property=\"article:modified_time\" content=\"2016-10-18T15:24:36+00:00\" \/>\n<meta property=\"og:image\" content=\"http:\/\/canosa.com\/app\/uploads\/2016\/10\/Latin-America-Hosting-Day-640x640.jpg\" \/>\n<meta name=\"author\" content=\"canosa\" \/>\n<meta name=\"twitter:label1\" content=\"Written by\" \/>\n\t<meta name=\"twitter:data1\" content=\"canosa\" \/>\n<script type=\"application\/ld+json\" class=\"yoast-schema-graph\">{\"@context\":\"https:\\\/\\\/schema.org\",\"@graph\":[{\"@type\":\"Article\",\"@id\":\"https:\\\/\\\/canosa.com\\\/es\\\/javier-canosa-participo-del-evento-argentina-un-ano-bajo-el-gobierno-de-macri\\\/#article\",\"isPartOf\":{\"@id\":\"https:\\\/\\\/canosa.com\\\/es\\\/javier-canosa-participo-del-evento-argentina-un-ano-bajo-el-gobierno-de-macri\\\/\"},\"author\":{\"name\":\"canosa\",\"@id\":\"https:\\\/\\\/canosa.com\\\/#\\\/schema\\\/person\\\/76176820718fc975b0b091e8a397a6ff\"},\"headline\":\"Javier Canosa particip\u00f3 del evento \u201cArgentina: un a\u00f1o bajo el gobierno de Macri\u201d.\",\"datePublished\":\"2016-10-17T15:42:12+00:00\",\"dateModified\":\"2016-10-18T15:24:36+00:00\",\"mainEntityOfPage\":{\"@id\":\"https:\\\/\\\/canosa.com\\\/es\\\/javier-canosa-participo-del-evento-argentina-un-ano-bajo-el-gobierno-de-macri\\\/\"},\"wordCount\":73,\"image\":{\"@id\":\"https:\\\/\\\/canosa.com\\\/es\\\/javier-canosa-participo-del-evento-argentina-un-ano-bajo-el-gobierno-de-macri\\\/#primaryimage\"},\"thumbnailUrl\":\"http:\\\/\\\/canosa.com\\\/app\\\/uploads\\\/2016\\\/10\\\/Latin-America-Hosting-Day-640x640.jpg\",\"articleSection\":[\"Uncategorized\"],\"inLanguage\":\"es-ES\"},{\"@type\":\"WebPage\",\"@id\":\"https:\\\/\\\/canosa.com\\\/es\\\/javier-canosa-participo-del-evento-argentina-un-ano-bajo-el-gobierno-de-macri\\\/\",\"url\":\"https:\\\/\\\/canosa.com\\\/es\\\/javier-canosa-participo-del-evento-argentina-un-ano-bajo-el-gobierno-de-macri\\\/\",\"name\":\"Javier Canosa particip\u00f3 del evento \u201cArgentina: un a\u00f1o bajo el gobierno de Macri\u201d. - Canosa Abogados\",\"isPartOf\":{\"@id\":\"https:\\\/\\\/canosa.com\\\/#website\"},\"primaryImageOfPage\":{\"@id\":\"https:\\\/\\\/canosa.com\\\/es\\\/javier-canosa-participo-del-evento-argentina-un-ano-bajo-el-gobierno-de-macri\\\/#primaryimage\"},\"image\":{\"@id\":\"https:\\\/\\\/canosa.com\\\/es\\\/javier-canosa-participo-del-evento-argentina-un-ano-bajo-el-gobierno-de-macri\\\/#primaryimage\"},\"thumbnailUrl\":\"http:\\\/\\\/canosa.com\\\/app\\\/uploads\\\/2016\\\/10\\\/Latin-America-Hosting-Day-640x640.jpg\",\"datePublished\":\"2016-10-17T15:42:12+00:00\",\"dateModified\":\"2016-10-18T15:24:36+00:00\",\"author\":{\"@id\":\"https:\\\/\\\/canosa.com\\\/#\\\/schema\\\/person\\\/76176820718fc975b0b091e8a397a6ff\"},\"inLanguage\":\"es-ES\",\"potentialAction\":[{\"@type\":\"ReadAction\",\"target\":[\"https:\\\/\\\/canosa.com\\\/es\\\/javier-canosa-participo-del-evento-argentina-un-ano-bajo-el-gobierno-de-macri\\\/\"]}]},{\"@type\":\"ImageObject\",\"inLanguage\":\"es-ES\",\"@id\":\"https:\\\/\\\/canosa.com\\\/es\\\/javier-canosa-participo-del-evento-argentina-un-ano-bajo-el-gobierno-de-macri\\\/#primaryimage\",\"url\":\"http:\\\/\\\/canosa.com\\\/app\\\/uploads\\\/2016\\\/10\\\/Latin-America-Hosting-Day-640x640.jpg\",\"contentUrl\":\"http:\\\/\\\/canosa.com\\\/app\\\/uploads\\\/2016\\\/10\\\/Latin-America-Hosting-Day-640x640.jpg\"},{\"@type\":\"WebSite\",\"@id\":\"https:\\\/\\\/canosa.com\\\/#website\",\"url\":\"https:\\\/\\\/canosa.com\\\/\",\"name\":\"Canosa Abogados\",\"description\":\"Abogados\",\"potentialAction\":[{\"@type\":\"SearchAction\",\"target\":{\"@type\":\"EntryPoint\",\"urlTemplate\":\"https:\\\/\\\/canosa.com\\\/?s={search_term_string}\"},\"query-input\":{\"@type\":\"PropertyValueSpecification\",\"valueRequired\":true,\"valueName\":\"search_term_string\"}}],\"inLanguage\":\"es-ES\"},{\"@type\":\"Person\",\"@id\":\"https:\\\/\\\/canosa.com\\\/#\\\/schema\\\/person\\\/76176820718fc975b0b091e8a397a6ff\",\"name\":\"canosa\",\"image\":{\"@type\":\"ImageObject\",\"inLanguage\":\"es-ES\",\"@id\":\"https:\\\/\\\/secure.gravatar.com\\\/avatar\\\/6cd643e6a187fe6fe0aeed422915178fc5afba5be0d92e9868b082f185408f85?s=96&d=mm&r=g\",\"url\":\"https:\\\/\\\/secure.gravatar.com\\\/avatar\\\/6cd643e6a187fe6fe0aeed422915178fc5afba5be0d92e9868b082f185408f85?s=96&d=mm&r=g\",\"contentUrl\":\"https:\\\/\\\/secure.gravatar.com\\\/avatar\\\/6cd643e6a187fe6fe0aeed422915178fc5afba5be0d92e9868b082f185408f85?s=96&d=mm&r=g\",\"caption\":\"canosa\"},\"url\":\"https:\\\/\\\/canosa.com\\\/es\\\/author\\\/canosa\\\/\"}]}<\/script>\n<!-- \/ Yoast SEO plugin. -->","yoast_head_json":{"title":"Javier Canosa particip\u00f3 del evento \u201cArgentina: un a\u00f1o bajo el gobierno de Macri\u201d. - Canosa Abogados","robots":{"index":"index","follow":"follow","max-snippet":"max-snippet:-1","max-image-preview":"max-image-preview:large","max-video-preview":"max-video-preview:-1"},"canonical":"https:\/\/canosa.com\/es\/javier-canosa-participo-del-evento-argentina-un-ano-bajo-el-gobierno-de-macri\/","og_locale":"es_ES","og_type":"article","og_title":"Javier Canosa particip\u00f3 del evento \u201cArgentina: un a\u00f1o bajo el gobierno de Macri\u201d. - Canosa Abogados","og_description":"En el mes de octubre de 2016, Javier Canosa dio una presentaci\u00f3n en un seminario sobre el gobierno del presidente Mauricio Macri. El seminario \u201cArgentina: un a\u00f1o bajo el gobierno de Macri\u201d se llev\u00f3 a cabo en las oficinas del estudio jur\u00eddico Peters &amp; Peters Solicitors LLP en Londres. Haga click aqu\u00ed para m\u00e1s informaci\u00f3n.","og_url":"https:\/\/canosa.com\/es\/javier-canosa-participo-del-evento-argentina-un-ano-bajo-el-gobierno-de-macri\/","og_site_name":"Canosa Abogados","article_published_time":"2016-10-17T15:42:12+00:00","article_modified_time":"2016-10-18T15:24:36+00:00","og_image":[{"url":"http:\/\/canosa.com\/app\/uploads\/2016\/10\/Latin-America-Hosting-Day-640x640.jpg","type":"","width":"","height":""}],"author":"canosa","twitter_misc":{"Written by":"canosa"},"schema":{"@context":"https:\/\/schema.org","@graph":[{"@type":"Article","@id":"https:\/\/canosa.com\/es\/javier-canosa-participo-del-evento-argentina-un-ano-bajo-el-gobierno-de-macri\/#article","isPartOf":{"@id":"https:\/\/canosa.com\/es\/javier-canosa-participo-del-evento-argentina-un-ano-bajo-el-gobierno-de-macri\/"},"author":{"name":"canosa","@id":"https:\/\/canosa.com\/#\/schema\/person\/76176820718fc975b0b091e8a397a6ff"},"headline":"Javier Canosa particip\u00f3 del evento \u201cArgentina: un a\u00f1o bajo el gobierno de Macri\u201d.","datePublished":"2016-10-17T15:42:12+00:00","dateModified":"2016-10-18T15:24:36+00:00","mainEntityOfPage":{"@id":"https:\/\/canosa.com\/es\/javier-canosa-participo-del-evento-argentina-un-ano-bajo-el-gobierno-de-macri\/"},"wordCount":73,"image":{"@id":"https:\/\/canosa.com\/es\/javier-canosa-participo-del-evento-argentina-un-ano-bajo-el-gobierno-de-macri\/#primaryimage"},"thumbnailUrl":"http:\/\/canosa.com\/app\/uploads\/2016\/10\/Latin-America-Hosting-Day-640x640.jpg","articleSection":["Uncategorized"],"inLanguage":"es-ES"},{"@type":"WebPage","@id":"https:\/\/canosa.com\/es\/javier-canosa-participo-del-evento-argentina-un-ano-bajo-el-gobierno-de-macri\/","url":"https:\/\/canosa.com\/es\/javier-canosa-participo-del-evento-argentina-un-ano-bajo-el-gobierno-de-macri\/","name":"Javier Canosa particip\u00f3 del evento \u201cArgentina: un a\u00f1o bajo el gobierno de Macri\u201d. - Canosa Abogados","isPartOf":{"@id":"https:\/\/canosa.com\/#website"},"primaryImageOfPage":{"@id":"https:\/\/canosa.com\/es\/javier-canosa-participo-del-evento-argentina-un-ano-bajo-el-gobierno-de-macri\/#primaryimage"},"image":{"@id":"https:\/\/canosa.com\/es\/javier-canosa-participo-del-evento-argentina-un-ano-bajo-el-gobierno-de-macri\/#primaryimage"},"thumbnailUrl":"http:\/\/canosa.com\/app\/uploads\/2016\/10\/Latin-America-Hosting-Day-640x640.jpg","datePublished":"2016-10-17T15:42:12+00:00","dateModified":"2016-10-18T15:24:36+00:00","author":{"@id":"https:\/\/canosa.com\/#\/schema\/person\/76176820718fc975b0b091e8a397a6ff"},"inLanguage":"es-ES","potentialAction":[{"@type":"ReadAction","target":["https:\/\/canosa.com\/es\/javier-canosa-participo-del-evento-argentina-un-ano-bajo-el-gobierno-de-macri\/"]}]},{"@type":"ImageObject","inLanguage":"es-ES","@id":"https:\/\/canosa.com\/es\/javier-canosa-participo-del-evento-argentina-un-ano-bajo-el-gobierno-de-macri\/#primaryimage","url":"http:\/\/canosa.com\/app\/uploads\/2016\/10\/Latin-America-Hosting-Day-640x640.jpg","contentUrl":"http:\/\/canosa.com\/app\/uploads\/2016\/10\/Latin-America-Hosting-Day-640x640.jpg"},{"@type":"WebSite","@id":"https:\/\/canosa.com\/#website","url":"https:\/\/canosa.com\/","name":"Canosa Abogados","description":"Abogados","potentialAction":[{"@type":"SearchAction","target":{"@type":"EntryPoint","urlTemplate":"https:\/\/canosa.com\/?s={search_term_string}"},"query-input":{"@type":"PropertyValueSpecification","valueRequired":true,"valueName":"search_term_string"}}],"inLanguage":"es-ES"},{"@type":"Person","@id":"https:\/\/canosa.com\/#\/schema\/person\/76176820718fc975b0b091e8a397a6ff","name":"canosa","image":{"@type":"ImageObject","inLanguage":"es-ES","@id":"https:\/\/secure.gravatar.com\/avatar\/6cd643e6a187fe6fe0aeed422915178fc5afba5be0d92e9868b082f185408f85?s=96&d=mm&r=g","url":"https:\/\/secure.gravatar.com\/avatar\/6cd643e6a187fe6fe0aeed422915178fc5afba5be0d92e9868b082f185408f85?s=96&d=mm&r=g","contentUrl":"https:\/\/secure.gravatar.com\/avatar\/6cd643e6a187fe6fe0aeed422915178fc5afba5be0d92e9868b082f185408f85?s=96&d=mm&r=g","caption":"canosa"},"url":"https:\/\/canosa.com\/es\/author\/canosa\/"}]}},"_links":{"self":[{"href":"https:\/\/canosa.com\/es\/wp-json\/wp\/v2\/posts\/3062","targetHints":{"allow":["GET"]}}],"collection":[{"href":"https:\/\/canosa.com\/es\/wp-json\/wp\/v2\/posts"}],"about":[{"href":"https:\/\/canosa.com\/es\/wp-json\/wp\/v2\/types\/post"}],"author":[{"embeddable":true,"href":"https:\/\/canosa.com\/es\/wp-json\/wp\/v2\/users\/2"}],"replies":[{"embeddable":true,"href":"https:\/\/canosa.com\/es\/wp-json\/wp\/v2\/comments?post=3062"}],"version-history":[{"count":3,"href":"https:\/\/canosa.com\/es\/wp-json\/wp\/v2\/posts\/3062\/revisions"}],"predecessor-version":[{"id":3068,"href":"https:\/\/canosa.com\/es\/wp-json\/wp\/v2\/posts\/3062\/revisions\/3068"}],"wp:attachment":[{"href":"https:\/\/canosa.com\/es\/wp-json\/wp\/v2\/media?parent=3062"}],"wp:term":[{"taxonomy":"category","embeddable":true,"href":"https:\/\/canosa.com\/es\/wp-json\/wp\/v2\/categories?post=3062"},{"taxonomy":"post_tag","embeddable":true,"href":"https:\/\/canosa.com\/es\/wp-json\/wp\/v2\/tags?post=3062"}],"curies":[{"name":"wp","href":"https:\/\/api.w.org\/{rel}","templated":true}]}}