{"id":3958,"date":"2020-06-17T14:24:51","date_gmt":"2020-06-17T17:24:51","guid":{"rendered":"https:\/\/canosa.com\/es\/?p=3958"},"modified":"2020-06-17T14:24:51","modified_gmt":"2020-06-17T17:24:51","slug":"decreto-de-necesidad-y-urgencia-no-8-2020-del-gcba-prorroga-de-emergencia-sanitaria","status":"publish","type":"post","link":"https:\/\/canosa.com\/es\/decreto-de-necesidad-y-urgencia-no-8-2020-del-gcba-prorroga-de-emergencia-sanitaria\/","title":{"rendered":"Decreto de Necesidad y Urgencia N\u00ba 8\/2020 del GCBA &#8211; Pr\u00f3rroga de Emergencia Sanitaria"},"content":{"rendered":"\n<h3 class=\"wp-block-heading\"><\/h3>\n\n\n\n<p class=\"wp-block-paragraph\">El d\u00eda 11 de Junio de 2020 se public\u00f3 el Decreto de Necesidad y Urgencia N\u00ba 8\/2020 del Gobierno de la Ciudad de Buenos Aires por medio del cual&nbsp; prorrog\u00f3 hasta el 31 de agosto de 2020 la Emergencia Sanitaria declarada por Decreto de Necesidad y Urgencia N\u00b0 1\/20.<\/p>\n\n\n\n<p class=\"wp-block-paragraph\">EL DNU 1\/20 del pasado 31 de agosto de 2020 establece como medidas m\u00e1s importantes:&nbsp;<\/p>\n\n\n\n<p class=\"wp-block-paragraph\">&#8211; Una pr\u00f3rroga excepcional por sesenta d\u00edas de licencias de conducir, los registros de transportes de taxis, remises, de escolares y veh\u00edculos destinados al servicio de mensajer\u00eda y delivery tambi\u00e9n como licencias de taxi.&nbsp;<\/p>\n\n\n\n<p class=\"wp-block-paragraph\">Tambi\u00e9n, la vigencia de las obleas de la Verificaci\u00f3n T\u00e9cnica Vehicular Obligatoria para los veh\u00edculos radicados en la Ciudad Aut\u00f3noma de Buenos Aires y veh\u00edculos escolares, taxis, remises, comercial de carga, de transporte de personas o de gran porte.&nbsp;<\/p>\n\n\n\n<p class=\"wp-block-paragraph\">&#8211; Una pr\u00f3rroga de manera excepcional de la vigencia de los certificados \u00fanicos de discapacidad por ciento ochenta (180) d\u00edas corridos, a partir de que opere su vencimiento.&nbsp;<\/p>\n\n\n\n<p class=\"wp-block-paragraph\">&#8211; La suspensi\u00f3n por sesenta (60) d\u00edas corridos los plazos previstos en la Ley N\u00b0 1.217 de procedimiento de faltas.<\/p>\n\n\n\n<p class=\"wp-block-paragraph\">Tanto el DNU 1\/2020 como su pr\u00f3rroga son medidas adoptadas con el prop\u00f3sito de prevenir y reducir el riesgo de contagio ocasionado por virus COVID-19 que dio origen a la pandemia mundial declarada por la OMS como tambi\u00e9n mitigar los dem\u00e1s&nbsp; efectos producidos por la misma y van en concordancia con la Emergencia Publica en materia Sanitaria declarada a nivel nacional por la ley 27.541<\/p>\n","protected":false},"excerpt":{"rendered":"<p>El d\u00eda 11 de Junio de 2020 se public\u00f3 el Decreto de Necesidad y Urgencia N\u00ba 8\/2020 del Gobierno de la Ciudad de Buenos Aires por medio del cual&nbsp; prorrog\u00f3 hasta el 31 de agosto de 2020 la Emergencia Sanitaria declarada por Decreto de Necesidad y Urgencia N\u00b0 1\/20. EL DNU 1\/20 del pasado 31 &hellip; <a href=\"https:\/\/canosa.com\/es\/decreto-de-necesidad-y-urgencia-no-8-2020-del-gcba-prorroga-de-emergencia-sanitaria\/\">Continued<\/a><\/p>\n","protected":false},"author":2,"featured_media":0,"comment_status":"closed","ping_status":"open","sticky":false,"template":"","format":"standard","meta":{"_acf_changed":false,"footnotes":""},"categories":[14],"tags":[],"class_list":["post-3958","post","type-post","status-publish","format-standard","hentry","category-sin-categoria"],"acf":[],"yoast_head":"<!-- This site is optimized with the Yoast SEO plugin v28.2 - https:\/\/yoast.com\/product\/yoast-seo-wordpress\/ -->\n<title>Decreto de Necesidad y Urgencia N\u00ba 8\/2020 del GCBA - Pr\u00f3rroga de Emergencia Sanitaria - Canosa Abogados<\/title>\n<meta name=\"robots\" content=\"index, follow, max-snippet:-1, max-image-preview:large, max-video-preview:-1\" \/>\n<link rel=\"canonical\" href=\"https:\/\/canosa.com\/es\/decreto-de-necesidad-y-urgencia-no-8-2020-del-gcba-prorroga-de-emergencia-sanitaria\/\" \/>\n<meta property=\"og:locale\" content=\"es_ES\" \/>\n<meta property=\"og:type\" content=\"article\" \/>\n<meta property=\"og:title\" content=\"Decreto de Necesidad y Urgencia N\u00ba 8\/2020 del GCBA - Pr\u00f3rroga de Emergencia Sanitaria - Canosa Abogados\" \/>\n<meta property=\"og:description\" content=\"El d\u00eda 11 de Junio de 2020 se public\u00f3 el Decreto de Necesidad y Urgencia N\u00ba 8\/2020 del Gobierno de la Ciudad de Buenos Aires por medio del cual&nbsp; prorrog\u00f3 hasta el 31 de agosto de 2020 la Emergencia Sanitaria declarada por Decreto de Necesidad y Urgencia N\u00b0 1\/20. EL DNU 1\/20 del pasado 31 &hellip; Continued\" \/>\n<meta property=\"og:url\" content=\"https:\/\/canosa.com\/es\/decreto-de-necesidad-y-urgencia-no-8-2020-del-gcba-prorroga-de-emergencia-sanitaria\/\" \/>\n<meta property=\"og:site_name\" content=\"Canosa Abogados\" \/>\n<meta property=\"article:published_time\" content=\"2020-06-17T17:24:51+00:00\" \/>\n<meta name=\"author\" content=\"canosa\" \/>\n<meta name=\"twitter:label1\" content=\"Written by\" \/>\n\t<meta name=\"twitter:data1\" content=\"canosa\" \/>\n\t<meta name=\"twitter:label2\" content=\"Est. reading time\" \/>\n\t<meta name=\"twitter:data2\" content=\"1 minute\" \/>\n<script type=\"application\/ld+json\" class=\"yoast-schema-graph\">{\"@context\":\"https:\\\/\\\/schema.org\",\"@graph\":[{\"@type\":\"Article\",\"@id\":\"https:\\\/\\\/canosa.com\\\/es\\\/decreto-de-necesidad-y-urgencia-no-8-2020-del-gcba-prorroga-de-emergencia-sanitaria\\\/#article\",\"isPartOf\":{\"@id\":\"https:\\\/\\\/canosa.com\\\/es\\\/decreto-de-necesidad-y-urgencia-no-8-2020-del-gcba-prorroga-de-emergencia-sanitaria\\\/\"},\"author\":{\"name\":\"canosa\",\"@id\":\"https:\\\/\\\/canosa.com\\\/#\\\/schema\\\/person\\\/76176820718fc975b0b091e8a397a6ff\"},\"headline\":\"Decreto de Necesidad y Urgencia N\u00ba 8\\\/2020 del GCBA &#8211; Pr\u00f3rroga de Emergencia Sanitaria\",\"datePublished\":\"2020-06-17T17:24:51+00:00\",\"mainEntityOfPage\":{\"@id\":\"https:\\\/\\\/canosa.com\\\/es\\\/decreto-de-necesidad-y-urgencia-no-8-2020-del-gcba-prorroga-de-emergencia-sanitaria\\\/\"},\"wordCount\":277,\"articleSection\":[\"Uncategorized\"],\"inLanguage\":\"es-ES\"},{\"@type\":\"WebPage\",\"@id\":\"https:\\\/\\\/canosa.com\\\/es\\\/decreto-de-necesidad-y-urgencia-no-8-2020-del-gcba-prorroga-de-emergencia-sanitaria\\\/\",\"url\":\"https:\\\/\\\/canosa.com\\\/es\\\/decreto-de-necesidad-y-urgencia-no-8-2020-del-gcba-prorroga-de-emergencia-sanitaria\\\/\",\"name\":\"Decreto de Necesidad y Urgencia N\u00ba 8\\\/2020 del GCBA - Pr\u00f3rroga de Emergencia Sanitaria - Canosa Abogados\",\"isPartOf\":{\"@id\":\"https:\\\/\\\/canosa.com\\\/#website\"},\"datePublished\":\"2020-06-17T17:24:51+00:00\",\"author\":{\"@id\":\"https:\\\/\\\/canosa.com\\\/#\\\/schema\\\/person\\\/76176820718fc975b0b091e8a397a6ff\"},\"inLanguage\":\"es-ES\",\"potentialAction\":[{\"@type\":\"ReadAction\",\"target\":[\"https:\\\/\\\/canosa.com\\\/es\\\/decreto-de-necesidad-y-urgencia-no-8-2020-del-gcba-prorroga-de-emergencia-sanitaria\\\/\"]}]},{\"@type\":\"WebSite\",\"@id\":\"https:\\\/\\\/canosa.com\\\/#website\",\"url\":\"https:\\\/\\\/canosa.com\\\/\",\"name\":\"Canosa Abogados\",\"description\":\"Abogados\",\"potentialAction\":[{\"@type\":\"SearchAction\",\"target\":{\"@type\":\"EntryPoint\",\"urlTemplate\":\"https:\\\/\\\/canosa.com\\\/?s={search_term_string}\"},\"query-input\":{\"@type\":\"PropertyValueSpecification\",\"valueRequired\":true,\"valueName\":\"search_term_string\"}}],\"inLanguage\":\"es-ES\"},{\"@type\":\"Person\",\"@id\":\"https:\\\/\\\/canosa.com\\\/#\\\/schema\\\/person\\\/76176820718fc975b0b091e8a397a6ff\",\"name\":\"canosa\",\"image\":{\"@type\":\"ImageObject\",\"inLanguage\":\"es-ES\",\"@id\":\"https:\\\/\\\/secure.gravatar.com\\\/avatar\\\/6cd643e6a187fe6fe0aeed422915178fc5afba5be0d92e9868b082f185408f85?s=96&d=mm&r=g\",\"url\":\"https:\\\/\\\/secure.gravatar.com\\\/avatar\\\/6cd643e6a187fe6fe0aeed422915178fc5afba5be0d92e9868b082f185408f85?s=96&d=mm&r=g\",\"contentUrl\":\"https:\\\/\\\/secure.gravatar.com\\\/avatar\\\/6cd643e6a187fe6fe0aeed422915178fc5afba5be0d92e9868b082f185408f85?s=96&d=mm&r=g\",\"caption\":\"canosa\"},\"url\":\"https:\\\/\\\/canosa.com\\\/es\\\/author\\\/canosa\\\/\"}]}<\/script>\n<!-- \/ Yoast SEO plugin. -->","yoast_head_json":{"title":"Decreto de Necesidad y Urgencia N\u00ba 8\/2020 del GCBA - Pr\u00f3rroga de Emergencia Sanitaria - Canosa Abogados","robots":{"index":"index","follow":"follow","max-snippet":"max-snippet:-1","max-image-preview":"max-image-preview:large","max-video-preview":"max-video-preview:-1"},"canonical":"https:\/\/canosa.com\/es\/decreto-de-necesidad-y-urgencia-no-8-2020-del-gcba-prorroga-de-emergencia-sanitaria\/","og_locale":"es_ES","og_type":"article","og_title":"Decreto de Necesidad y Urgencia N\u00ba 8\/2020 del GCBA - Pr\u00f3rroga de Emergencia Sanitaria - Canosa Abogados","og_description":"El d\u00eda 11 de Junio de 2020 se public\u00f3 el Decreto de Necesidad y Urgencia N\u00ba 8\/2020 del Gobierno de la Ciudad de Buenos Aires por medio del cual&nbsp; prorrog\u00f3 hasta el 31 de agosto de 2020 la Emergencia Sanitaria declarada por Decreto de Necesidad y Urgencia N\u00b0 1\/20. EL DNU 1\/20 del pasado 31 &hellip; Continued","og_url":"https:\/\/canosa.com\/es\/decreto-de-necesidad-y-urgencia-no-8-2020-del-gcba-prorroga-de-emergencia-sanitaria\/","og_site_name":"Canosa Abogados","article_published_time":"2020-06-17T17:24:51+00:00","author":"canosa","twitter_misc":{"Written by":"canosa","Est. reading time":"1 minute"},"schema":{"@context":"https:\/\/schema.org","@graph":[{"@type":"Article","@id":"https:\/\/canosa.com\/es\/decreto-de-necesidad-y-urgencia-no-8-2020-del-gcba-prorroga-de-emergencia-sanitaria\/#article","isPartOf":{"@id":"https:\/\/canosa.com\/es\/decreto-de-necesidad-y-urgencia-no-8-2020-del-gcba-prorroga-de-emergencia-sanitaria\/"},"author":{"name":"canosa","@id":"https:\/\/canosa.com\/#\/schema\/person\/76176820718fc975b0b091e8a397a6ff"},"headline":"Decreto de Necesidad y Urgencia N\u00ba 8\/2020 del GCBA &#8211; Pr\u00f3rroga de Emergencia Sanitaria","datePublished":"2020-06-17T17:24:51+00:00","mainEntityOfPage":{"@id":"https:\/\/canosa.com\/es\/decreto-de-necesidad-y-urgencia-no-8-2020-del-gcba-prorroga-de-emergencia-sanitaria\/"},"wordCount":277,"articleSection":["Uncategorized"],"inLanguage":"es-ES"},{"@type":"WebPage","@id":"https:\/\/canosa.com\/es\/decreto-de-necesidad-y-urgencia-no-8-2020-del-gcba-prorroga-de-emergencia-sanitaria\/","url":"https:\/\/canosa.com\/es\/decreto-de-necesidad-y-urgencia-no-8-2020-del-gcba-prorroga-de-emergencia-sanitaria\/","name":"Decreto de Necesidad y Urgencia N\u00ba 8\/2020 del GCBA - Pr\u00f3rroga de Emergencia Sanitaria - Canosa Abogados","isPartOf":{"@id":"https:\/\/canosa.com\/#website"},"datePublished":"2020-06-17T17:24:51+00:00","author":{"@id":"https:\/\/canosa.com\/#\/schema\/person\/76176820718fc975b0b091e8a397a6ff"},"inLanguage":"es-ES","potentialAction":[{"@type":"ReadAction","target":["https:\/\/canosa.com\/es\/decreto-de-necesidad-y-urgencia-no-8-2020-del-gcba-prorroga-de-emergencia-sanitaria\/"]}]},{"@type":"WebSite","@id":"https:\/\/canosa.com\/#website","url":"https:\/\/canosa.com\/","name":"Canosa Abogados","description":"Abogados","potentialAction":[{"@type":"SearchAction","target":{"@type":"EntryPoint","urlTemplate":"https:\/\/canosa.com\/?s={search_term_string}"},"query-input":{"@type":"PropertyValueSpecification","valueRequired":true,"valueName":"search_term_string"}}],"inLanguage":"es-ES"},{"@type":"Person","@id":"https:\/\/canosa.com\/#\/schema\/person\/76176820718fc975b0b091e8a397a6ff","name":"canosa","image":{"@type":"ImageObject","inLanguage":"es-ES","@id":"https:\/\/secure.gravatar.com\/avatar\/6cd643e6a187fe6fe0aeed422915178fc5afba5be0d92e9868b082f185408f85?s=96&d=mm&r=g","url":"https:\/\/secure.gravatar.com\/avatar\/6cd643e6a187fe6fe0aeed422915178fc5afba5be0d92e9868b082f185408f85?s=96&d=mm&r=g","contentUrl":"https:\/\/secure.gravatar.com\/avatar\/6cd643e6a187fe6fe0aeed422915178fc5afba5be0d92e9868b082f185408f85?s=96&d=mm&r=g","caption":"canosa"},"url":"https:\/\/canosa.com\/es\/author\/canosa\/"}]}},"_links":{"self":[{"href":"https:\/\/canosa.com\/es\/wp-json\/wp\/v2\/posts\/3958","targetHints":{"allow":["GET"]}}],"collection":[{"href":"https:\/\/canosa.com\/es\/wp-json\/wp\/v2\/posts"}],"about":[{"href":"https:\/\/canosa.com\/es\/wp-json\/wp\/v2\/types\/post"}],"author":[{"embeddable":true,"href":"https:\/\/canosa.com\/es\/wp-json\/wp\/v2\/users\/2"}],"replies":[{"embeddable":true,"href":"https:\/\/canosa.com\/es\/wp-json\/wp\/v2\/comments?post=3958"}],"version-history":[{"count":1,"href":"https:\/\/canosa.com\/es\/wp-json\/wp\/v2\/posts\/3958\/revisions"}],"predecessor-version":[{"id":3959,"href":"https:\/\/canosa.com\/es\/wp-json\/wp\/v2\/posts\/3958\/revisions\/3959"}],"wp:attachment":[{"href":"https:\/\/canosa.com\/es\/wp-json\/wp\/v2\/media?parent=3958"}],"wp:term":[{"taxonomy":"category","embeddable":true,"href":"https:\/\/canosa.com\/es\/wp-json\/wp\/v2\/categories?post=3958"},{"taxonomy":"post_tag","embeddable":true,"href":"https:\/\/canosa.com\/es\/wp-json\/wp\/v2\/tags?post=3958"}],"curies":[{"name":"wp","href":"https:\/\/api.w.org\/{rel}","templated":true}]}}