{"id":4110,"date":"2021-01-25T12:34:19","date_gmt":"2021-01-25T15:34:19","guid":{"rendered":"https:\/\/canosa.com\/es\/?p=4110"},"modified":"2021-01-25T12:34:19","modified_gmt":"2021-01-25T15:34:19","slug":"javier-canosa-fue-nombrado-co-chair-del-comite-de-distribucion-y-comercio-internacional-de-la-iba","status":"publish","type":"post","link":"https:\/\/canosa.com\/es\/javier-canosa-fue-nombrado-co-chair-del-comite-de-distribucion-y-comercio-internacional-de-la-iba\/","title":{"rendered":"Javier Canosa fue nombrado Co-Chair del Comit\u00e9 de Distribuci\u00f3n y Comercio Internacional de la IBA"},"content":{"rendered":"\n<p class=\"wp-block-paragraph\"><\/p>\n\n\n\n<p class=\"wp-block-paragraph\">La International Bar Association (IBA), fundada en 1947, es una organizaci\u00f3n l\u00edder mundial de profesionales del derecho internacional, colegios de abogados, bufetes de abogados y sociedades de derecho. La IBA participa en el desarrollo de la reforma del derecho internacional y da forma al futuro de la profesi\u00f3n jur\u00eddica en todo el mundo. Est\u00e1 compuesta por m\u00e1s de 80.000 abogados y cerca de 190 colegios de abogados y sociedades de derecho en m\u00e1s de 170 pa\u00edses.<\/p>\n\n\n\n<p class=\"wp-block-paragraph\">Es por esto que nos enorgullece anunciar que este a\u00f1o, Javier Canosa fue nombrado Co-Chair del Comit\u00e9 de Comercio y Distribuci\u00f3n Internacional para desempe\u00f1arse desde el 1 de enero de 2021 hasta el 31 de diciembre de 2022. Este puesto requiere de un gran liderazgo y compromiso con la IBA.<\/p>\n\n\n\n<p class=\"wp-block-paragraph\">Felicitamos a Javier Canosa y le deseamos un exitoso mandato.<\/p>\n","protected":false},"excerpt":{"rendered":"<p>La International Bar Association (IBA), fundada en 1947, es una organizaci\u00f3n l\u00edder mundial de profesionales del derecho internacional, colegios de abogados, bufetes de abogados y sociedades de derecho. La IBA participa en el desarrollo de la reforma del derecho internacional y da forma al futuro de la profesi\u00f3n jur\u00eddica en todo el mundo. Est\u00e1 compuesta &hellip; <a href=\"https:\/\/canosa.com\/es\/javier-canosa-fue-nombrado-co-chair-del-comite-de-distribucion-y-comercio-internacional-de-la-iba\/\">Continued<\/a><\/p>\n","protected":false},"author":2,"featured_media":0,"comment_status":"closed","ping_status":"open","sticky":false,"template":"","format":"standard","meta":{"_acf_changed":false,"footnotes":""},"categories":[14],"tags":[],"class_list":["post-4110","post","type-post","status-publish","format-standard","hentry","category-sin-categoria"],"acf":[],"yoast_head":"<!-- This site is optimized with the Yoast SEO plugin v28.2 - https:\/\/yoast.com\/product\/yoast-seo-wordpress\/ -->\n<title>Javier Canosa fue nombrado Co-Chair del Comit\u00e9 de Distribuci\u00f3n y Comercio Internacional de la IBA - Canosa Abogados<\/title>\n<meta name=\"robots\" content=\"index, follow, max-snippet:-1, max-image-preview:large, max-video-preview:-1\" \/>\n<link rel=\"canonical\" href=\"https:\/\/canosa.com\/es\/javier-canosa-fue-nombrado-co-chair-del-comite-de-distribucion-y-comercio-internacional-de-la-iba\/\" \/>\n<meta property=\"og:locale\" content=\"es_ES\" \/>\n<meta property=\"og:type\" content=\"article\" \/>\n<meta property=\"og:title\" content=\"Javier Canosa fue nombrado Co-Chair del Comit\u00e9 de Distribuci\u00f3n y Comercio Internacional de la IBA - Canosa Abogados\" \/>\n<meta property=\"og:description\" content=\"La International Bar Association (IBA), fundada en 1947, es una organizaci\u00f3n l\u00edder mundial de profesionales del derecho internacional, colegios de abogados, bufetes de abogados y sociedades de derecho. La IBA participa en el desarrollo de la reforma del derecho internacional y da forma al futuro de la profesi\u00f3n jur\u00eddica en todo el mundo. Est\u00e1 compuesta &hellip; Continued\" \/>\n<meta property=\"og:url\" content=\"https:\/\/canosa.com\/es\/javier-canosa-fue-nombrado-co-chair-del-comite-de-distribucion-y-comercio-internacional-de-la-iba\/\" \/>\n<meta property=\"og:site_name\" content=\"Canosa Abogados\" \/>\n<meta property=\"article:published_time\" content=\"2021-01-25T15:34:19+00:00\" \/>\n<meta name=\"author\" content=\"canosa\" \/>\n<meta name=\"twitter:label1\" content=\"Written by\" \/>\n\t<meta name=\"twitter:data1\" content=\"canosa\" \/>\n\t<meta name=\"twitter:label2\" content=\"Est. reading time\" \/>\n\t<meta name=\"twitter:data2\" content=\"1 minute\" \/>\n<script type=\"application\/ld+json\" class=\"yoast-schema-graph\">{\"@context\":\"https:\\\/\\\/schema.org\",\"@graph\":[{\"@type\":\"Article\",\"@id\":\"https:\\\/\\\/canosa.com\\\/es\\\/javier-canosa-fue-nombrado-co-chair-del-comite-de-distribucion-y-comercio-internacional-de-la-iba\\\/#article\",\"isPartOf\":{\"@id\":\"https:\\\/\\\/canosa.com\\\/es\\\/javier-canosa-fue-nombrado-co-chair-del-comite-de-distribucion-y-comercio-internacional-de-la-iba\\\/\"},\"author\":{\"name\":\"canosa\",\"@id\":\"https:\\\/\\\/canosa.com\\\/#\\\/schema\\\/person\\\/76176820718fc975b0b091e8a397a6ff\"},\"headline\":\"Javier Canosa fue nombrado Co-Chair del Comit\u00e9 de Distribuci\u00f3n y Comercio Internacional de la IBA\",\"datePublished\":\"2021-01-25T15:34:19+00:00\",\"mainEntityOfPage\":{\"@id\":\"https:\\\/\\\/canosa.com\\\/es\\\/javier-canosa-fue-nombrado-co-chair-del-comite-de-distribucion-y-comercio-internacional-de-la-iba\\\/\"},\"wordCount\":154,\"articleSection\":[\"Uncategorized\"],\"inLanguage\":\"es-ES\"},{\"@type\":\"WebPage\",\"@id\":\"https:\\\/\\\/canosa.com\\\/es\\\/javier-canosa-fue-nombrado-co-chair-del-comite-de-distribucion-y-comercio-internacional-de-la-iba\\\/\",\"url\":\"https:\\\/\\\/canosa.com\\\/es\\\/javier-canosa-fue-nombrado-co-chair-del-comite-de-distribucion-y-comercio-internacional-de-la-iba\\\/\",\"name\":\"Javier Canosa fue nombrado Co-Chair del Comit\u00e9 de Distribuci\u00f3n y Comercio Internacional de la IBA - Canosa Abogados\",\"isPartOf\":{\"@id\":\"https:\\\/\\\/canosa.com\\\/#website\"},\"datePublished\":\"2021-01-25T15:34:19+00:00\",\"author\":{\"@id\":\"https:\\\/\\\/canosa.com\\\/#\\\/schema\\\/person\\\/76176820718fc975b0b091e8a397a6ff\"},\"inLanguage\":\"es-ES\",\"potentialAction\":[{\"@type\":\"ReadAction\",\"target\":[\"https:\\\/\\\/canosa.com\\\/es\\\/javier-canosa-fue-nombrado-co-chair-del-comite-de-distribucion-y-comercio-internacional-de-la-iba\\\/\"]}]},{\"@type\":\"WebSite\",\"@id\":\"https:\\\/\\\/canosa.com\\\/#website\",\"url\":\"https:\\\/\\\/canosa.com\\\/\",\"name\":\"Canosa Abogados\",\"description\":\"Abogados\",\"potentialAction\":[{\"@type\":\"SearchAction\",\"target\":{\"@type\":\"EntryPoint\",\"urlTemplate\":\"https:\\\/\\\/canosa.com\\\/?s={search_term_string}\"},\"query-input\":{\"@type\":\"PropertyValueSpecification\",\"valueRequired\":true,\"valueName\":\"search_term_string\"}}],\"inLanguage\":\"es-ES\"},{\"@type\":\"Person\",\"@id\":\"https:\\\/\\\/canosa.com\\\/#\\\/schema\\\/person\\\/76176820718fc975b0b091e8a397a6ff\",\"name\":\"canosa\",\"image\":{\"@type\":\"ImageObject\",\"inLanguage\":\"es-ES\",\"@id\":\"https:\\\/\\\/secure.gravatar.com\\\/avatar\\\/6cd643e6a187fe6fe0aeed422915178fc5afba5be0d92e9868b082f185408f85?s=96&d=mm&r=g\",\"url\":\"https:\\\/\\\/secure.gravatar.com\\\/avatar\\\/6cd643e6a187fe6fe0aeed422915178fc5afba5be0d92e9868b082f185408f85?s=96&d=mm&r=g\",\"contentUrl\":\"https:\\\/\\\/secure.gravatar.com\\\/avatar\\\/6cd643e6a187fe6fe0aeed422915178fc5afba5be0d92e9868b082f185408f85?s=96&d=mm&r=g\",\"caption\":\"canosa\"},\"url\":\"https:\\\/\\\/canosa.com\\\/es\\\/author\\\/canosa\\\/\"}]}<\/script>\n<!-- \/ Yoast SEO plugin. -->","yoast_head_json":{"title":"Javier Canosa fue nombrado Co-Chair del Comit\u00e9 de Distribuci\u00f3n y Comercio Internacional de la IBA - Canosa Abogados","robots":{"index":"index","follow":"follow","max-snippet":"max-snippet:-1","max-image-preview":"max-image-preview:large","max-video-preview":"max-video-preview:-1"},"canonical":"https:\/\/canosa.com\/es\/javier-canosa-fue-nombrado-co-chair-del-comite-de-distribucion-y-comercio-internacional-de-la-iba\/","og_locale":"es_ES","og_type":"article","og_title":"Javier Canosa fue nombrado Co-Chair del Comit\u00e9 de Distribuci\u00f3n y Comercio Internacional de la IBA - Canosa Abogados","og_description":"La International Bar Association (IBA), fundada en 1947, es una organizaci\u00f3n l\u00edder mundial de profesionales del derecho internacional, colegios de abogados, bufetes de abogados y sociedades de derecho. La IBA participa en el desarrollo de la reforma del derecho internacional y da forma al futuro de la profesi\u00f3n jur\u00eddica en todo el mundo. Est\u00e1 compuesta &hellip; Continued","og_url":"https:\/\/canosa.com\/es\/javier-canosa-fue-nombrado-co-chair-del-comite-de-distribucion-y-comercio-internacional-de-la-iba\/","og_site_name":"Canosa Abogados","article_published_time":"2021-01-25T15:34:19+00:00","author":"canosa","twitter_misc":{"Written by":"canosa","Est. reading time":"1 minute"},"schema":{"@context":"https:\/\/schema.org","@graph":[{"@type":"Article","@id":"https:\/\/canosa.com\/es\/javier-canosa-fue-nombrado-co-chair-del-comite-de-distribucion-y-comercio-internacional-de-la-iba\/#article","isPartOf":{"@id":"https:\/\/canosa.com\/es\/javier-canosa-fue-nombrado-co-chair-del-comite-de-distribucion-y-comercio-internacional-de-la-iba\/"},"author":{"name":"canosa","@id":"https:\/\/canosa.com\/#\/schema\/person\/76176820718fc975b0b091e8a397a6ff"},"headline":"Javier Canosa fue nombrado Co-Chair del Comit\u00e9 de Distribuci\u00f3n y Comercio Internacional de la IBA","datePublished":"2021-01-25T15:34:19+00:00","mainEntityOfPage":{"@id":"https:\/\/canosa.com\/es\/javier-canosa-fue-nombrado-co-chair-del-comite-de-distribucion-y-comercio-internacional-de-la-iba\/"},"wordCount":154,"articleSection":["Uncategorized"],"inLanguage":"es-ES"},{"@type":"WebPage","@id":"https:\/\/canosa.com\/es\/javier-canosa-fue-nombrado-co-chair-del-comite-de-distribucion-y-comercio-internacional-de-la-iba\/","url":"https:\/\/canosa.com\/es\/javier-canosa-fue-nombrado-co-chair-del-comite-de-distribucion-y-comercio-internacional-de-la-iba\/","name":"Javier Canosa fue nombrado Co-Chair del Comit\u00e9 de Distribuci\u00f3n y Comercio Internacional de la IBA - Canosa Abogados","isPartOf":{"@id":"https:\/\/canosa.com\/#website"},"datePublished":"2021-01-25T15:34:19+00:00","author":{"@id":"https:\/\/canosa.com\/#\/schema\/person\/76176820718fc975b0b091e8a397a6ff"},"inLanguage":"es-ES","potentialAction":[{"@type":"ReadAction","target":["https:\/\/canosa.com\/es\/javier-canosa-fue-nombrado-co-chair-del-comite-de-distribucion-y-comercio-internacional-de-la-iba\/"]}]},{"@type":"WebSite","@id":"https:\/\/canosa.com\/#website","url":"https:\/\/canosa.com\/","name":"Canosa Abogados","description":"Abogados","potentialAction":[{"@type":"SearchAction","target":{"@type":"EntryPoint","urlTemplate":"https:\/\/canosa.com\/?s={search_term_string}"},"query-input":{"@type":"PropertyValueSpecification","valueRequired":true,"valueName":"search_term_string"}}],"inLanguage":"es-ES"},{"@type":"Person","@id":"https:\/\/canosa.com\/#\/schema\/person\/76176820718fc975b0b091e8a397a6ff","name":"canosa","image":{"@type":"ImageObject","inLanguage":"es-ES","@id":"https:\/\/secure.gravatar.com\/avatar\/6cd643e6a187fe6fe0aeed422915178fc5afba5be0d92e9868b082f185408f85?s=96&d=mm&r=g","url":"https:\/\/secure.gravatar.com\/avatar\/6cd643e6a187fe6fe0aeed422915178fc5afba5be0d92e9868b082f185408f85?s=96&d=mm&r=g","contentUrl":"https:\/\/secure.gravatar.com\/avatar\/6cd643e6a187fe6fe0aeed422915178fc5afba5be0d92e9868b082f185408f85?s=96&d=mm&r=g","caption":"canosa"},"url":"https:\/\/canosa.com\/es\/author\/canosa\/"}]}},"_links":{"self":[{"href":"https:\/\/canosa.com\/es\/wp-json\/wp\/v2\/posts\/4110","targetHints":{"allow":["GET"]}}],"collection":[{"href":"https:\/\/canosa.com\/es\/wp-json\/wp\/v2\/posts"}],"about":[{"href":"https:\/\/canosa.com\/es\/wp-json\/wp\/v2\/types\/post"}],"author":[{"embeddable":true,"href":"https:\/\/canosa.com\/es\/wp-json\/wp\/v2\/users\/2"}],"replies":[{"embeddable":true,"href":"https:\/\/canosa.com\/es\/wp-json\/wp\/v2\/comments?post=4110"}],"version-history":[{"count":1,"href":"https:\/\/canosa.com\/es\/wp-json\/wp\/v2\/posts\/4110\/revisions"}],"predecessor-version":[{"id":4111,"href":"https:\/\/canosa.com\/es\/wp-json\/wp\/v2\/posts\/4110\/revisions\/4111"}],"wp:attachment":[{"href":"https:\/\/canosa.com\/es\/wp-json\/wp\/v2\/media?parent=4110"}],"wp:term":[{"taxonomy":"category","embeddable":true,"href":"https:\/\/canosa.com\/es\/wp-json\/wp\/v2\/categories?post=4110"},{"taxonomy":"post_tag","embeddable":true,"href":"https:\/\/canosa.com\/es\/wp-json\/wp\/v2\/tags?post=4110"}],"curies":[{"name":"wp","href":"https:\/\/api.w.org\/{rel}","templated":true}]}}