{"id":4180,"date":"2021-05-28T10:16:48","date_gmt":"2021-05-28T13:16:48","guid":{"rendered":"https:\/\/canosa.com\/?p=4180"},"modified":"2021-05-28T10:16:50","modified_gmt":"2021-05-28T13:16:50","slug":"acordada-de-la-corte-suprema-de-justicia-de-la-nacion-n-8-2021-suspension-de-plazos-procesales","status":"publish","type":"post","link":"https:\/\/canosa.com\/es\/acordada-de-la-corte-suprema-de-justicia-de-la-nacion-n-8-2021-suspension-de-plazos-procesales\/","title":{"rendered":"ACORDADA DE LA CORTE SUPREMA DE JUSTICIA DE LA NACION N\u00b0 8\/2021 SUSPENSION DE PLAZOS PROCESALES"},"content":{"rendered":"\n<p class=\"wp-block-paragraph\">El d\u00eda 25 de Mayo de 2021 la Corte Suprema de Justicia de la Naci\u00f3n en el actual contexto epidemiol\u00f3gico y sanitario y por razones de salud p\u00fablica y en concordancia con el Decreto N\u00b0 334\/2021 mediante el cual el Poder Ejecutivo dispone nuevas medidas de confinamiento prorrogando el Decreto N\u00b0 287\/21 y el plazo establecido en su art\u00edculo 30, as\u00ed como sus normas complementarias, hasta el d\u00eda 11 de junio de 2021 inclusive:<\/p>\n\n\n\n<p class=\"wp-block-paragraph\"><strong><em><u>Establece la suspensi\u00f3n del curso de los plazos procesales&nbsp; y administrativos entre los d\u00edas 26 al 28 \u2013 ambos incluidos \u2013 del corriente mes de mayo, respecto de las actuaciones en tr\u00e1mite en los tribunales nacionales y federales.<\/u><\/em><\/strong><\/p>\n\n\n\n<ul class=\"wp-block-list\"><li>Durante esos d\u00edas tampoco correr\u00e1n los plazos de caducidad de instancia.<\/li><li>La suspensi\u00f3n no afectar\u00e1 el curso de los plazos respecto de aquellos actos respecto de los cuales, previa notificaci\u00f3n a los interesados, as\u00ed lo dispusiera el magistrado, funcionario o autoridad competente.<\/li><li>Limitar al m\u00ednimo posible, durante el mismo per\u00edodo, la atenci\u00f3n presencial al p\u00fablico; salvo para las actuaciones procesales en las que resulte indispensable.<\/li><li>Asegurar la m\u00ednima asistencia posible de personal a los lugares de trabajo, dando prioridad a la prestaci\u00f3n de servicios por medios virtuales o remotos.<\/li><li>Disponer que la Oficina de Violencia Dom\u00e9stica del Tribunal habilitar\u00e1 una dotaci\u00f3n de personal suficiente para el desempe\u00f1o de sus funciones.<\/li><\/ul>\n","protected":false},"excerpt":{"rendered":"<p>El d\u00eda 25 de Mayo de 2021 la Corte Suprema de Justicia de la Naci\u00f3n en el actual contexto epidemiol\u00f3gico y sanitario y por razones de salud p\u00fablica y en concordancia con el Decreto N\u00b0 334\/2021 mediante el cual el Poder Ejecutivo dispone nuevas medidas de confinamiento prorrogando el Decreto N\u00b0 287\/21 y el plazo &hellip; <a href=\"https:\/\/canosa.com\/es\/acordada-de-la-corte-suprema-de-justicia-de-la-nacion-n-8-2021-suspension-de-plazos-procesales\/\">Continued<\/a><\/p>\n","protected":false},"author":2,"featured_media":0,"comment_status":"closed","ping_status":"open","sticky":false,"template":"","format":"standard","meta":{"_acf_changed":false,"footnotes":""},"categories":[1],"tags":[],"class_list":["post-4180","post","type-post","status-publish","format-standard","hentry","category-articulos"],"acf":[],"yoast_head":"<!-- This site is optimized with the Yoast SEO plugin v28.2 - https:\/\/yoast.com\/product\/yoast-seo-wordpress\/ -->\n<title>ACORDADA DE LA CORTE SUPREMA DE JUSTICIA DE LA NACION N\u00b0 8\/2021 SUSPENSION DE PLAZOS PROCESALES - Canosa Abogados<\/title>\n<meta name=\"robots\" content=\"index, follow, max-snippet:-1, max-image-preview:large, max-video-preview:-1\" \/>\n<link rel=\"canonical\" href=\"https:\/\/canosa.com\/es\/acordada-de-la-corte-suprema-de-justicia-de-la-nacion-n-8-2021-suspension-de-plazos-procesales\/\" \/>\n<meta property=\"og:locale\" content=\"es_ES\" \/>\n<meta property=\"og:type\" content=\"article\" \/>\n<meta property=\"og:title\" content=\"ACORDADA DE LA CORTE SUPREMA DE JUSTICIA DE LA NACION N\u00b0 8\/2021 SUSPENSION DE PLAZOS PROCESALES - Canosa Abogados\" \/>\n<meta property=\"og:description\" content=\"El d\u00eda 25 de Mayo de 2021 la Corte Suprema de Justicia de la Naci\u00f3n en el actual contexto epidemiol\u00f3gico y sanitario y por razones de salud p\u00fablica y en concordancia con el Decreto N\u00b0 334\/2021 mediante el cual el Poder Ejecutivo dispone nuevas medidas de confinamiento prorrogando el Decreto N\u00b0 287\/21 y el plazo &hellip; Continued\" \/>\n<meta property=\"og:url\" content=\"https:\/\/canosa.com\/es\/acordada-de-la-corte-suprema-de-justicia-de-la-nacion-n-8-2021-suspension-de-plazos-procesales\/\" \/>\n<meta property=\"og:site_name\" content=\"Canosa Abogados\" \/>\n<meta property=\"article:published_time\" content=\"2021-05-28T13:16:48+00:00\" \/>\n<meta property=\"article:modified_time\" content=\"2021-05-28T13:16:50+00:00\" \/>\n<meta name=\"author\" content=\"canosa\" \/>\n<meta name=\"twitter:label1\" content=\"Written by\" \/>\n\t<meta name=\"twitter:data1\" content=\"canosa\" \/>\n\t<meta name=\"twitter:label2\" content=\"Est. reading time\" \/>\n\t<meta name=\"twitter:data2\" content=\"1 minute\" \/>\n<script type=\"application\/ld+json\" class=\"yoast-schema-graph\">{\"@context\":\"https:\\\/\\\/schema.org\",\"@graph\":[{\"@type\":\"Article\",\"@id\":\"https:\\\/\\\/canosa.com\\\/es\\\/acordada-de-la-corte-suprema-de-justicia-de-la-nacion-n-8-2021-suspension-de-plazos-procesales\\\/#article\",\"isPartOf\":{\"@id\":\"https:\\\/\\\/canosa.com\\\/es\\\/acordada-de-la-corte-suprema-de-justicia-de-la-nacion-n-8-2021-suspension-de-plazos-procesales\\\/\"},\"author\":{\"name\":\"canosa\",\"@id\":\"https:\\\/\\\/canosa.com\\\/#\\\/schema\\\/person\\\/76176820718fc975b0b091e8a397a6ff\"},\"headline\":\"ACORDADA DE LA CORTE SUPREMA DE JUSTICIA DE LA NACION N\u00b0 8\\\/2021 SUSPENSION DE PLAZOS PROCESALES\",\"datePublished\":\"2021-05-28T13:16:48+00:00\",\"dateModified\":\"2021-05-28T13:16:50+00:00\",\"mainEntityOfPage\":{\"@id\":\"https:\\\/\\\/canosa.com\\\/es\\\/acordada-de-la-corte-suprema-de-justicia-de-la-nacion-n-8-2021-suspension-de-plazos-procesales\\\/\"},\"wordCount\":249,\"articleSection\":[\"Art\u00edculos\"],\"inLanguage\":\"es-ES\"},{\"@type\":\"WebPage\",\"@id\":\"https:\\\/\\\/canosa.com\\\/es\\\/acordada-de-la-corte-suprema-de-justicia-de-la-nacion-n-8-2021-suspension-de-plazos-procesales\\\/\",\"url\":\"https:\\\/\\\/canosa.com\\\/es\\\/acordada-de-la-corte-suprema-de-justicia-de-la-nacion-n-8-2021-suspension-de-plazos-procesales\\\/\",\"name\":\"ACORDADA DE LA CORTE SUPREMA DE JUSTICIA DE LA NACION N\u00b0 8\\\/2021 SUSPENSION DE PLAZOS PROCESALES - Canosa Abogados\",\"isPartOf\":{\"@id\":\"https:\\\/\\\/canosa.com\\\/#website\"},\"datePublished\":\"2021-05-28T13:16:48+00:00\",\"dateModified\":\"2021-05-28T13:16:50+00:00\",\"author\":{\"@id\":\"https:\\\/\\\/canosa.com\\\/#\\\/schema\\\/person\\\/76176820718fc975b0b091e8a397a6ff\"},\"inLanguage\":\"es-ES\",\"potentialAction\":[{\"@type\":\"ReadAction\",\"target\":[\"https:\\\/\\\/canosa.com\\\/es\\\/acordada-de-la-corte-suprema-de-justicia-de-la-nacion-n-8-2021-suspension-de-plazos-procesales\\\/\"]}]},{\"@type\":\"WebSite\",\"@id\":\"https:\\\/\\\/canosa.com\\\/#website\",\"url\":\"https:\\\/\\\/canosa.com\\\/\",\"name\":\"Canosa Abogados\",\"description\":\"Abogados\",\"potentialAction\":[{\"@type\":\"SearchAction\",\"target\":{\"@type\":\"EntryPoint\",\"urlTemplate\":\"https:\\\/\\\/canosa.com\\\/?s={search_term_string}\"},\"query-input\":{\"@type\":\"PropertyValueSpecification\",\"valueRequired\":true,\"valueName\":\"search_term_string\"}}],\"inLanguage\":\"es-ES\"},{\"@type\":\"Person\",\"@id\":\"https:\\\/\\\/canosa.com\\\/#\\\/schema\\\/person\\\/76176820718fc975b0b091e8a397a6ff\",\"name\":\"canosa\",\"image\":{\"@type\":\"ImageObject\",\"inLanguage\":\"es-ES\",\"@id\":\"https:\\\/\\\/secure.gravatar.com\\\/avatar\\\/6cd643e6a187fe6fe0aeed422915178fc5afba5be0d92e9868b082f185408f85?s=96&d=mm&r=g\",\"url\":\"https:\\\/\\\/secure.gravatar.com\\\/avatar\\\/6cd643e6a187fe6fe0aeed422915178fc5afba5be0d92e9868b082f185408f85?s=96&d=mm&r=g\",\"contentUrl\":\"https:\\\/\\\/secure.gravatar.com\\\/avatar\\\/6cd643e6a187fe6fe0aeed422915178fc5afba5be0d92e9868b082f185408f85?s=96&d=mm&r=g\",\"caption\":\"canosa\"},\"url\":\"https:\\\/\\\/canosa.com\\\/es\\\/author\\\/canosa\\\/\"}]}<\/script>\n<!-- \/ Yoast SEO plugin. -->","yoast_head_json":{"title":"ACORDADA DE LA CORTE SUPREMA DE JUSTICIA DE LA NACION N\u00b0 8\/2021 SUSPENSION DE PLAZOS PROCESALES - Canosa Abogados","robots":{"index":"index","follow":"follow","max-snippet":"max-snippet:-1","max-image-preview":"max-image-preview:large","max-video-preview":"max-video-preview:-1"},"canonical":"https:\/\/canosa.com\/es\/acordada-de-la-corte-suprema-de-justicia-de-la-nacion-n-8-2021-suspension-de-plazos-procesales\/","og_locale":"es_ES","og_type":"article","og_title":"ACORDADA DE LA CORTE SUPREMA DE JUSTICIA DE LA NACION N\u00b0 8\/2021 SUSPENSION DE PLAZOS PROCESALES - Canosa Abogados","og_description":"El d\u00eda 25 de Mayo de 2021 la Corte Suprema de Justicia de la Naci\u00f3n en el actual contexto epidemiol\u00f3gico y sanitario y por razones de salud p\u00fablica y en concordancia con el Decreto N\u00b0 334\/2021 mediante el cual el Poder Ejecutivo dispone nuevas medidas de confinamiento prorrogando el Decreto N\u00b0 287\/21 y el plazo &hellip; Continued","og_url":"https:\/\/canosa.com\/es\/acordada-de-la-corte-suprema-de-justicia-de-la-nacion-n-8-2021-suspension-de-plazos-procesales\/","og_site_name":"Canosa Abogados","article_published_time":"2021-05-28T13:16:48+00:00","article_modified_time":"2021-05-28T13:16:50+00:00","author":"canosa","twitter_misc":{"Written by":"canosa","Est. reading time":"1 minute"},"schema":{"@context":"https:\/\/schema.org","@graph":[{"@type":"Article","@id":"https:\/\/canosa.com\/es\/acordada-de-la-corte-suprema-de-justicia-de-la-nacion-n-8-2021-suspension-de-plazos-procesales\/#article","isPartOf":{"@id":"https:\/\/canosa.com\/es\/acordada-de-la-corte-suprema-de-justicia-de-la-nacion-n-8-2021-suspension-de-plazos-procesales\/"},"author":{"name":"canosa","@id":"https:\/\/canosa.com\/#\/schema\/person\/76176820718fc975b0b091e8a397a6ff"},"headline":"ACORDADA DE LA CORTE SUPREMA DE JUSTICIA DE LA NACION N\u00b0 8\/2021 SUSPENSION DE PLAZOS PROCESALES","datePublished":"2021-05-28T13:16:48+00:00","dateModified":"2021-05-28T13:16:50+00:00","mainEntityOfPage":{"@id":"https:\/\/canosa.com\/es\/acordada-de-la-corte-suprema-de-justicia-de-la-nacion-n-8-2021-suspension-de-plazos-procesales\/"},"wordCount":249,"articleSection":["Art\u00edculos"],"inLanguage":"es-ES"},{"@type":"WebPage","@id":"https:\/\/canosa.com\/es\/acordada-de-la-corte-suprema-de-justicia-de-la-nacion-n-8-2021-suspension-de-plazos-procesales\/","url":"https:\/\/canosa.com\/es\/acordada-de-la-corte-suprema-de-justicia-de-la-nacion-n-8-2021-suspension-de-plazos-procesales\/","name":"ACORDADA DE LA CORTE SUPREMA DE JUSTICIA DE LA NACION N\u00b0 8\/2021 SUSPENSION DE PLAZOS PROCESALES - Canosa Abogados","isPartOf":{"@id":"https:\/\/canosa.com\/#website"},"datePublished":"2021-05-28T13:16:48+00:00","dateModified":"2021-05-28T13:16:50+00:00","author":{"@id":"https:\/\/canosa.com\/#\/schema\/person\/76176820718fc975b0b091e8a397a6ff"},"inLanguage":"es-ES","potentialAction":[{"@type":"ReadAction","target":["https:\/\/canosa.com\/es\/acordada-de-la-corte-suprema-de-justicia-de-la-nacion-n-8-2021-suspension-de-plazos-procesales\/"]}]},{"@type":"WebSite","@id":"https:\/\/canosa.com\/#website","url":"https:\/\/canosa.com\/","name":"Canosa Abogados","description":"Abogados","potentialAction":[{"@type":"SearchAction","target":{"@type":"EntryPoint","urlTemplate":"https:\/\/canosa.com\/?s={search_term_string}"},"query-input":{"@type":"PropertyValueSpecification","valueRequired":true,"valueName":"search_term_string"}}],"inLanguage":"es-ES"},{"@type":"Person","@id":"https:\/\/canosa.com\/#\/schema\/person\/76176820718fc975b0b091e8a397a6ff","name":"canosa","image":{"@type":"ImageObject","inLanguage":"es-ES","@id":"https:\/\/secure.gravatar.com\/avatar\/6cd643e6a187fe6fe0aeed422915178fc5afba5be0d92e9868b082f185408f85?s=96&d=mm&r=g","url":"https:\/\/secure.gravatar.com\/avatar\/6cd643e6a187fe6fe0aeed422915178fc5afba5be0d92e9868b082f185408f85?s=96&d=mm&r=g","contentUrl":"https:\/\/secure.gravatar.com\/avatar\/6cd643e6a187fe6fe0aeed422915178fc5afba5be0d92e9868b082f185408f85?s=96&d=mm&r=g","caption":"canosa"},"url":"https:\/\/canosa.com\/es\/author\/canosa\/"}]}},"_links":{"self":[{"href":"https:\/\/canosa.com\/es\/wp-json\/wp\/v2\/posts\/4180","targetHints":{"allow":["GET"]}}],"collection":[{"href":"https:\/\/canosa.com\/es\/wp-json\/wp\/v2\/posts"}],"about":[{"href":"https:\/\/canosa.com\/es\/wp-json\/wp\/v2\/types\/post"}],"author":[{"embeddable":true,"href":"https:\/\/canosa.com\/es\/wp-json\/wp\/v2\/users\/2"}],"replies":[{"embeddable":true,"href":"https:\/\/canosa.com\/es\/wp-json\/wp\/v2\/comments?post=4180"}],"version-history":[{"count":1,"href":"https:\/\/canosa.com\/es\/wp-json\/wp\/v2\/posts\/4180\/revisions"}],"predecessor-version":[{"id":4181,"href":"https:\/\/canosa.com\/es\/wp-json\/wp\/v2\/posts\/4180\/revisions\/4181"}],"wp:attachment":[{"href":"https:\/\/canosa.com\/es\/wp-json\/wp\/v2\/media?parent=4180"}],"wp:term":[{"taxonomy":"category","embeddable":true,"href":"https:\/\/canosa.com\/es\/wp-json\/wp\/v2\/categories?post=4180"},{"taxonomy":"post_tag","embeddable":true,"href":"https:\/\/canosa.com\/es\/wp-json\/wp\/v2\/tags?post=4180"}],"curies":[{"name":"wp","href":"https:\/\/api.w.org\/{rel}","templated":true}]}}