{"id":4224,"date":"2021-06-30T15:57:20","date_gmt":"2021-06-30T18:57:20","guid":{"rendered":"https:\/\/canosa.com\/?p=4224"},"modified":"2021-06-30T15:57:21","modified_gmt":"2021-06-30T18:57:21","slug":"dnu-n-413-2021-nueva-prorroga-de-la-prohibicion-de-despidos","status":"publish","type":"post","link":"https:\/\/canosa.com\/es\/dnu-n-413-2021-nueva-prorroga-de-la-prohibicion-de-despidos\/","title":{"rendered":"DNU N\u00b0 413\/2021: Nueva pr\u00f3rroga de la prohibici\u00f3n de despidos."},"content":{"rendered":"\n<p class=\"wp-block-paragraph\">El 28 de junio de 2021 se public\u00f3 en el Bolet\u00edn Oficial el Decreto de Necesidad y Urgencia N\u00b0 413\/2021 (el \u201cDecreto\u201d) que dispone la pr\u00f3rroga de la prohibici\u00f3n de despidos sin justa causa, o por causales de falta o disminuci\u00f3n de trabajo y fuerza mayor, y las suspensiones por id\u00e9nticas causales hasta el 31 de diciembre de 2021, inclusive.<\/p>\n\n\n\n<p class=\"wp-block-paragraph\">Se prorroga asimismo la presunci\u00f3n de considerar como enfermedad profesional cualquier contagio de COVID-19 por parte de empleados\/as -siempre que haya prestado tareas en sus lugares habituales y\/o fuera de su domicilio particular-, debiendo el empleador realizar la correspondiente denuncia y seguir los requerimientos que la Aseguradora de Riesgos del Trabajo (ART) pudiera ordenar.<\/p>\n\n\n\n<p class=\"wp-block-paragraph\">El Decreto se dicta en el marco de la emergencia p\u00fablica en materia sanitaria declarada por la Ley N\u00b0 27.541, ampliada por el Decreto N\u00b0 260\/20, sus modificatorios y su pr\u00f3rroga establecida por el Decreto N\u00b0 167\/21 y la emergencia p\u00fablica en materia ocupacional declarada por el Decreto N\u00ba 34\/19 y ampliada por sus similares N\u00b0 528\/20, 961\/20 y 39\/21.<\/p>\n\n\n\n<p class=\"wp-block-paragraph\">Dispone que la violaci\u00f3n de la prohibici\u00f3n de despidos y\/o suspensiones no producen efecto jur\u00eddico alguno, manteni\u00e9ndose vigentes las relaciones laborales existentes y sus condiciones actuales.<\/p>\n\n\n\n<p class=\"wp-block-paragraph\">La prohibici\u00f3n de despido\/suspensi\u00f3n y duplicaci\u00f3n indemnizatoria no resultan aplicables para los supuestos de personal ingresado bajo relaci\u00f3n de dependencia a partir del 14 de diciembre de 2019 ni para el Sector P\u00fablico Nacional definido en el art\u00edculo 8\u00b0 de la Ley N\u00b0 24.156 y sus modificatorias, con independencia del r\u00e9gimen jur\u00eddico al que se encuentre sujeto el personal de los organismos, ni a sociedades, empresas o entidades que lo integran.<\/p>\n\n\n\n<p class=\"wp-block-paragraph\">Quedan exceptuadas de esta prohibici\u00f3n las suspensiones efectuadas en los t\u00e9rminos del art\u00edculo 223 bis de la Ley de Contrato de Trabajo y quienes se encuentren comprendidos o comprendidas en el r\u00e9gimen legal de trabajo para el personal de la industria de la construcci\u00f3n de la Ley N\u00ba 22.250.<\/p>\n\n\n\n<p class=\"wp-block-paragraph\">Las disposiciones de este Decreto entrar\u00e1n en vigencia el d\u00eda de su publicaci\u00f3n en el Bolet\u00edn Oficial.<\/p>\n","protected":false},"excerpt":{"rendered":"<p>El 28 de junio de 2021 se public\u00f3 en el Bolet\u00edn Oficial el Decreto de Necesidad y Urgencia N\u00b0 413\/2021 (el \u201cDecreto\u201d) que dispone la pr\u00f3rroga de la prohibici\u00f3n de despidos sin justa causa, o por causales de falta o disminuci\u00f3n de trabajo y fuerza mayor, y las suspensiones por id\u00e9nticas causales hasta el 31 &hellip; <a href=\"https:\/\/canosa.com\/es\/dnu-n-413-2021-nueva-prorroga-de-la-prohibicion-de-despidos\/\">Continued<\/a><\/p>\n","protected":false},"author":2,"featured_media":0,"comment_status":"closed","ping_status":"open","sticky":false,"template":"","format":"standard","meta":{"_acf_changed":false,"footnotes":""},"categories":[1],"tags":[],"class_list":["post-4224","post","type-post","status-publish","format-standard","hentry","category-articulos"],"acf":[],"yoast_head":"<!-- This site is optimized with the Yoast SEO plugin v28.2 - https:\/\/yoast.com\/product\/yoast-seo-wordpress\/ -->\n<title>DNU N\u00b0 413\/2021: Nueva pr\u00f3rroga de la prohibici\u00f3n de despidos. - Canosa Abogados<\/title>\n<meta name=\"robots\" content=\"index, follow, max-snippet:-1, max-image-preview:large, max-video-preview:-1\" \/>\n<link rel=\"canonical\" href=\"https:\/\/canosa.com\/es\/dnu-n-413-2021-nueva-prorroga-de-la-prohibicion-de-despidos\/\" \/>\n<meta property=\"og:locale\" content=\"es_ES\" \/>\n<meta property=\"og:type\" content=\"article\" \/>\n<meta property=\"og:title\" content=\"DNU N\u00b0 413\/2021: Nueva pr\u00f3rroga de la prohibici\u00f3n de despidos. - Canosa Abogados\" \/>\n<meta property=\"og:description\" content=\"El 28 de junio de 2021 se public\u00f3 en el Bolet\u00edn Oficial el Decreto de Necesidad y Urgencia N\u00b0 413\/2021 (el \u201cDecreto\u201d) que dispone la pr\u00f3rroga de la prohibici\u00f3n de despidos sin justa causa, o por causales de falta o disminuci\u00f3n de trabajo y fuerza mayor, y las suspensiones por id\u00e9nticas causales hasta el 31 &hellip; Continued\" \/>\n<meta property=\"og:url\" content=\"https:\/\/canosa.com\/es\/dnu-n-413-2021-nueva-prorroga-de-la-prohibicion-de-despidos\/\" \/>\n<meta property=\"og:site_name\" content=\"Canosa Abogados\" \/>\n<meta property=\"article:published_time\" content=\"2021-06-30T18:57:20+00:00\" \/>\n<meta property=\"article:modified_time\" content=\"2021-06-30T18:57:21+00:00\" \/>\n<meta name=\"author\" content=\"canosa\" \/>\n<meta name=\"twitter:label1\" content=\"Written by\" \/>\n\t<meta name=\"twitter:data1\" content=\"canosa\" \/>\n\t<meta name=\"twitter:label2\" content=\"Est. reading time\" \/>\n\t<meta name=\"twitter:data2\" content=\"2 minutes\" \/>\n<script type=\"application\/ld+json\" class=\"yoast-schema-graph\">{\"@context\":\"https:\\\/\\\/schema.org\",\"@graph\":[{\"@type\":\"Article\",\"@id\":\"https:\\\/\\\/canosa.com\\\/es\\\/dnu-n-413-2021-nueva-prorroga-de-la-prohibicion-de-despidos\\\/#article\",\"isPartOf\":{\"@id\":\"https:\\\/\\\/canosa.com\\\/es\\\/dnu-n-413-2021-nueva-prorroga-de-la-prohibicion-de-despidos\\\/\"},\"author\":{\"name\":\"canosa\",\"@id\":\"https:\\\/\\\/canosa.com\\\/#\\\/schema\\\/person\\\/76176820718fc975b0b091e8a397a6ff\"},\"headline\":\"DNU N\u00b0 413\\\/2021: Nueva pr\u00f3rroga de la prohibici\u00f3n de despidos.\",\"datePublished\":\"2021-06-30T18:57:20+00:00\",\"dateModified\":\"2021-06-30T18:57:21+00:00\",\"mainEntityOfPage\":{\"@id\":\"https:\\\/\\\/canosa.com\\\/es\\\/dnu-n-413-2021-nueva-prorroga-de-la-prohibicion-de-despidos\\\/\"},\"wordCount\":364,\"articleSection\":[\"Art\u00edculos\"],\"inLanguage\":\"es-ES\"},{\"@type\":\"WebPage\",\"@id\":\"https:\\\/\\\/canosa.com\\\/es\\\/dnu-n-413-2021-nueva-prorroga-de-la-prohibicion-de-despidos\\\/\",\"url\":\"https:\\\/\\\/canosa.com\\\/es\\\/dnu-n-413-2021-nueva-prorroga-de-la-prohibicion-de-despidos\\\/\",\"name\":\"DNU N\u00b0 413\\\/2021: Nueva pr\u00f3rroga de la prohibici\u00f3n de despidos. - Canosa Abogados\",\"isPartOf\":{\"@id\":\"https:\\\/\\\/canosa.com\\\/#website\"},\"datePublished\":\"2021-06-30T18:57:20+00:00\",\"dateModified\":\"2021-06-30T18:57:21+00:00\",\"author\":{\"@id\":\"https:\\\/\\\/canosa.com\\\/#\\\/schema\\\/person\\\/76176820718fc975b0b091e8a397a6ff\"},\"inLanguage\":\"es-ES\",\"potentialAction\":[{\"@type\":\"ReadAction\",\"target\":[\"https:\\\/\\\/canosa.com\\\/es\\\/dnu-n-413-2021-nueva-prorroga-de-la-prohibicion-de-despidos\\\/\"]}]},{\"@type\":\"WebSite\",\"@id\":\"https:\\\/\\\/canosa.com\\\/#website\",\"url\":\"https:\\\/\\\/canosa.com\\\/\",\"name\":\"Canosa Abogados\",\"description\":\"Abogados\",\"potentialAction\":[{\"@type\":\"SearchAction\",\"target\":{\"@type\":\"EntryPoint\",\"urlTemplate\":\"https:\\\/\\\/canosa.com\\\/?s={search_term_string}\"},\"query-input\":{\"@type\":\"PropertyValueSpecification\",\"valueRequired\":true,\"valueName\":\"search_term_string\"}}],\"inLanguage\":\"es-ES\"},{\"@type\":\"Person\",\"@id\":\"https:\\\/\\\/canosa.com\\\/#\\\/schema\\\/person\\\/76176820718fc975b0b091e8a397a6ff\",\"name\":\"canosa\",\"image\":{\"@type\":\"ImageObject\",\"inLanguage\":\"es-ES\",\"@id\":\"https:\\\/\\\/secure.gravatar.com\\\/avatar\\\/6cd643e6a187fe6fe0aeed422915178fc5afba5be0d92e9868b082f185408f85?s=96&d=mm&r=g\",\"url\":\"https:\\\/\\\/secure.gravatar.com\\\/avatar\\\/6cd643e6a187fe6fe0aeed422915178fc5afba5be0d92e9868b082f185408f85?s=96&d=mm&r=g\",\"contentUrl\":\"https:\\\/\\\/secure.gravatar.com\\\/avatar\\\/6cd643e6a187fe6fe0aeed422915178fc5afba5be0d92e9868b082f185408f85?s=96&d=mm&r=g\",\"caption\":\"canosa\"},\"url\":\"https:\\\/\\\/canosa.com\\\/es\\\/author\\\/canosa\\\/\"}]}<\/script>\n<!-- \/ Yoast SEO plugin. -->","yoast_head_json":{"title":"DNU N\u00b0 413\/2021: Nueva pr\u00f3rroga de la prohibici\u00f3n de despidos. - Canosa Abogados","robots":{"index":"index","follow":"follow","max-snippet":"max-snippet:-1","max-image-preview":"max-image-preview:large","max-video-preview":"max-video-preview:-1"},"canonical":"https:\/\/canosa.com\/es\/dnu-n-413-2021-nueva-prorroga-de-la-prohibicion-de-despidos\/","og_locale":"es_ES","og_type":"article","og_title":"DNU N\u00b0 413\/2021: Nueva pr\u00f3rroga de la prohibici\u00f3n de despidos. - Canosa Abogados","og_description":"El 28 de junio de 2021 se public\u00f3 en el Bolet\u00edn Oficial el Decreto de Necesidad y Urgencia N\u00b0 413\/2021 (el \u201cDecreto\u201d) que dispone la pr\u00f3rroga de la prohibici\u00f3n de despidos sin justa causa, o por causales de falta o disminuci\u00f3n de trabajo y fuerza mayor, y las suspensiones por id\u00e9nticas causales hasta el 31 &hellip; Continued","og_url":"https:\/\/canosa.com\/es\/dnu-n-413-2021-nueva-prorroga-de-la-prohibicion-de-despidos\/","og_site_name":"Canosa Abogados","article_published_time":"2021-06-30T18:57:20+00:00","article_modified_time":"2021-06-30T18:57:21+00:00","author":"canosa","twitter_misc":{"Written by":"canosa","Est. reading time":"2 minutes"},"schema":{"@context":"https:\/\/schema.org","@graph":[{"@type":"Article","@id":"https:\/\/canosa.com\/es\/dnu-n-413-2021-nueva-prorroga-de-la-prohibicion-de-despidos\/#article","isPartOf":{"@id":"https:\/\/canosa.com\/es\/dnu-n-413-2021-nueva-prorroga-de-la-prohibicion-de-despidos\/"},"author":{"name":"canosa","@id":"https:\/\/canosa.com\/#\/schema\/person\/76176820718fc975b0b091e8a397a6ff"},"headline":"DNU N\u00b0 413\/2021: Nueva pr\u00f3rroga de la prohibici\u00f3n de despidos.","datePublished":"2021-06-30T18:57:20+00:00","dateModified":"2021-06-30T18:57:21+00:00","mainEntityOfPage":{"@id":"https:\/\/canosa.com\/es\/dnu-n-413-2021-nueva-prorroga-de-la-prohibicion-de-despidos\/"},"wordCount":364,"articleSection":["Art\u00edculos"],"inLanguage":"es-ES"},{"@type":"WebPage","@id":"https:\/\/canosa.com\/es\/dnu-n-413-2021-nueva-prorroga-de-la-prohibicion-de-despidos\/","url":"https:\/\/canosa.com\/es\/dnu-n-413-2021-nueva-prorroga-de-la-prohibicion-de-despidos\/","name":"DNU N\u00b0 413\/2021: Nueva pr\u00f3rroga de la prohibici\u00f3n de despidos. - Canosa Abogados","isPartOf":{"@id":"https:\/\/canosa.com\/#website"},"datePublished":"2021-06-30T18:57:20+00:00","dateModified":"2021-06-30T18:57:21+00:00","author":{"@id":"https:\/\/canosa.com\/#\/schema\/person\/76176820718fc975b0b091e8a397a6ff"},"inLanguage":"es-ES","potentialAction":[{"@type":"ReadAction","target":["https:\/\/canosa.com\/es\/dnu-n-413-2021-nueva-prorroga-de-la-prohibicion-de-despidos\/"]}]},{"@type":"WebSite","@id":"https:\/\/canosa.com\/#website","url":"https:\/\/canosa.com\/","name":"Canosa Abogados","description":"Abogados","potentialAction":[{"@type":"SearchAction","target":{"@type":"EntryPoint","urlTemplate":"https:\/\/canosa.com\/?s={search_term_string}"},"query-input":{"@type":"PropertyValueSpecification","valueRequired":true,"valueName":"search_term_string"}}],"inLanguage":"es-ES"},{"@type":"Person","@id":"https:\/\/canosa.com\/#\/schema\/person\/76176820718fc975b0b091e8a397a6ff","name":"canosa","image":{"@type":"ImageObject","inLanguage":"es-ES","@id":"https:\/\/secure.gravatar.com\/avatar\/6cd643e6a187fe6fe0aeed422915178fc5afba5be0d92e9868b082f185408f85?s=96&d=mm&r=g","url":"https:\/\/secure.gravatar.com\/avatar\/6cd643e6a187fe6fe0aeed422915178fc5afba5be0d92e9868b082f185408f85?s=96&d=mm&r=g","contentUrl":"https:\/\/secure.gravatar.com\/avatar\/6cd643e6a187fe6fe0aeed422915178fc5afba5be0d92e9868b082f185408f85?s=96&d=mm&r=g","caption":"canosa"},"url":"https:\/\/canosa.com\/es\/author\/canosa\/"}]}},"_links":{"self":[{"href":"https:\/\/canosa.com\/es\/wp-json\/wp\/v2\/posts\/4224","targetHints":{"allow":["GET"]}}],"collection":[{"href":"https:\/\/canosa.com\/es\/wp-json\/wp\/v2\/posts"}],"about":[{"href":"https:\/\/canosa.com\/es\/wp-json\/wp\/v2\/types\/post"}],"author":[{"embeddable":true,"href":"https:\/\/canosa.com\/es\/wp-json\/wp\/v2\/users\/2"}],"replies":[{"embeddable":true,"href":"https:\/\/canosa.com\/es\/wp-json\/wp\/v2\/comments?post=4224"}],"version-history":[{"count":1,"href":"https:\/\/canosa.com\/es\/wp-json\/wp\/v2\/posts\/4224\/revisions"}],"predecessor-version":[{"id":4225,"href":"https:\/\/canosa.com\/es\/wp-json\/wp\/v2\/posts\/4224\/revisions\/4225"}],"wp:attachment":[{"href":"https:\/\/canosa.com\/es\/wp-json\/wp\/v2\/media?parent=4224"}],"wp:term":[{"taxonomy":"category","embeddable":true,"href":"https:\/\/canosa.com\/es\/wp-json\/wp\/v2\/categories?post=4224"},{"taxonomy":"post_tag","embeddable":true,"href":"https:\/\/canosa.com\/es\/wp-json\/wp\/v2\/tags?post=4224"}],"curies":[{"name":"wp","href":"https:\/\/api.w.org\/{rel}","templated":true}]}}