{"id":6150,"date":"2026-01-14T15:36:47","date_gmt":"2026-01-14T18:36:47","guid":{"rendered":"https:\/\/canosa.com\/?p=6150"},"modified":"2026-01-14T15:36:59","modified_gmt":"2026-01-14T18:36:59","slug":"la-igj-extiende-el-plazo-para-regularizar-presentaciones-contables","status":"publish","type":"post","link":"https:\/\/canosa.com\/es\/la-igj-extiende-el-plazo-para-regularizar-presentaciones-contables\/","title":{"rendered":"La IGJ extiende el plazo para regularizar presentaciones contables"},"content":{"rendered":"\n<p class=\"wp-block-paragraph\">El 26 de noviembre de 2025, la Inspecci\u00f3n General de Justicia (\u201c<span style=\"text-decoration: underline;\">IGJ<\/span>\u201d) dict\u00f3 la Resoluci\u00f3n General N\u00ba 6\/2025 (la \u201c<span style=\"text-decoration: underline;\">Resoluci\u00f3n<\/span>\u201d), mediante la cual se dispuso la pr\u00f3rroga y ampliaci\u00f3n del r\u00e9gimen excepcional de regularizaci\u00f3n de presentaciones contables previsto por la Resoluci\u00f3n General IGJ N\u00ba 4\/2025.<br><br>La medida se inscribe en el marco de las funciones de la IGJ como autoridad de registro y fiscalizaci\u00f3n, y tiene por finalidad permitir la regularizaci\u00f3n de la presentaci\u00f3n de estados contables y documentaci\u00f3n societaria que se encontraban pendientes ante el organismo.<br><br>Entre los aspectos centrales de la Resoluci\u00f3n, se establece la extensi\u00f3n del plazo de regularizaci\u00f3n hasta el 30 de junio de 2026, as\u00ed como la incorporaci\u00f3n de la documentaci\u00f3n correspondiente a ejercicios con cierre al 31 de diciembre de 2025 al r\u00e9gimen excepcional vigente.<br><br>El alcance subjetivo de la pr\u00f3rroga comprende a las sociedades por acciones, a las sociedades de responsabilidad limitada alcanzadas por el art\u00edculo 299, inciso 2), de la Ley General de Sociedades, a las sociedades constituidas en el extranjero inscriptas conforme el art\u00edculo 118, tercer p\u00e1rrafo, de dicha ley, as\u00ed como a las asociaciones civiles y fundaciones.<br><br>La Resoluci\u00f3n entr\u00f3 en vigor el d\u00eda 27 de noviembre de 2025.<\/p>\n","protected":false},"excerpt":{"rendered":"<p>El 26 de noviembre de 2025, la Inspecci\u00f3n General de Justicia (\u201cIGJ\u201d) dict\u00f3 la Resoluci\u00f3n General N\u00ba 6\/2025 (la \u201cResoluci\u00f3n\u201d), mediante la cual se dispuso la pr\u00f3rroga y ampliaci\u00f3n del r\u00e9gimen excepcional de regularizaci\u00f3n de presentaciones contables previsto por la Resoluci\u00f3n General IGJ N\u00ba 4\/2025. La medida se inscribe en el marco de las funciones &hellip; <a href=\"https:\/\/canosa.com\/es\/la-igj-extiende-el-plazo-para-regularizar-presentaciones-contables\/\">Continued<\/a><\/p>\n","protected":false},"author":2,"featured_media":0,"comment_status":"closed","ping_status":"open","sticky":false,"template":"","format":"standard","meta":{"_acf_changed":false,"footnotes":""},"categories":[1],"tags":[],"class_list":["post-6150","post","type-post","status-publish","format-standard","hentry","category-articulos"],"acf":[],"yoast_head":"<!-- This site is optimized with the Yoast SEO plugin v28.2 - https:\/\/yoast.com\/product\/yoast-seo-wordpress\/ -->\n<title>La IGJ extiende el plazo para regularizar presentaciones contables - Canosa Abogados<\/title>\n<meta name=\"robots\" content=\"index, follow, max-snippet:-1, max-image-preview:large, max-video-preview:-1\" \/>\n<link rel=\"canonical\" href=\"https:\/\/canosa.com\/es\/la-igj-extiende-el-plazo-para-regularizar-presentaciones-contables\/\" \/>\n<meta property=\"og:locale\" content=\"es_ES\" \/>\n<meta property=\"og:type\" content=\"article\" \/>\n<meta property=\"og:title\" content=\"La IGJ extiende el plazo para regularizar presentaciones contables - Canosa Abogados\" \/>\n<meta property=\"og:description\" content=\"El 26 de noviembre de 2025, la Inspecci\u00f3n General de Justicia (\u201cIGJ\u201d) dict\u00f3 la Resoluci\u00f3n General N\u00ba 6\/2025 (la \u201cResoluci\u00f3n\u201d), mediante la cual se dispuso la pr\u00f3rroga y ampliaci\u00f3n del r\u00e9gimen excepcional de regularizaci\u00f3n de presentaciones contables previsto por la Resoluci\u00f3n General IGJ N\u00ba 4\/2025. La medida se inscribe en el marco de las funciones &hellip; Continued\" \/>\n<meta property=\"og:url\" content=\"https:\/\/canosa.com\/es\/la-igj-extiende-el-plazo-para-regularizar-presentaciones-contables\/\" \/>\n<meta property=\"og:site_name\" content=\"Canosa Abogados\" \/>\n<meta property=\"article:published_time\" content=\"2026-01-14T18:36:47+00:00\" \/>\n<meta property=\"article:modified_time\" content=\"2026-01-14T18:36:59+00:00\" \/>\n<meta name=\"author\" content=\"canosa\" \/>\n<meta name=\"twitter:label1\" content=\"Written by\" \/>\n\t<meta name=\"twitter:data1\" content=\"canosa\" \/>\n\t<meta name=\"twitter:label2\" content=\"Est. reading time\" \/>\n\t<meta name=\"twitter:data2\" content=\"1 minute\" \/>\n<script type=\"application\/ld+json\" class=\"yoast-schema-graph\">{\"@context\":\"https:\\\/\\\/schema.org\",\"@graph\":[{\"@type\":\"Article\",\"@id\":\"https:\\\/\\\/canosa.com\\\/es\\\/la-igj-extiende-el-plazo-para-regularizar-presentaciones-contables\\\/#article\",\"isPartOf\":{\"@id\":\"https:\\\/\\\/canosa.com\\\/es\\\/la-igj-extiende-el-plazo-para-regularizar-presentaciones-contables\\\/\"},\"author\":{\"name\":\"canosa\",\"@id\":\"https:\\\/\\\/canosa.com\\\/#\\\/schema\\\/person\\\/76176820718fc975b0b091e8a397a6ff\"},\"headline\":\"La IGJ extiende el plazo para regularizar presentaciones contables\",\"datePublished\":\"2026-01-14T18:36:47+00:00\",\"dateModified\":\"2026-01-14T18:36:59+00:00\",\"mainEntityOfPage\":{\"@id\":\"https:\\\/\\\/canosa.com\\\/es\\\/la-igj-extiende-el-plazo-para-regularizar-presentaciones-contables\\\/\"},\"wordCount\":219,\"articleSection\":[\"Art\u00edculos\"],\"inLanguage\":\"es-ES\"},{\"@type\":\"WebPage\",\"@id\":\"https:\\\/\\\/canosa.com\\\/es\\\/la-igj-extiende-el-plazo-para-regularizar-presentaciones-contables\\\/\",\"url\":\"https:\\\/\\\/canosa.com\\\/es\\\/la-igj-extiende-el-plazo-para-regularizar-presentaciones-contables\\\/\",\"name\":\"La IGJ extiende el plazo para regularizar presentaciones contables - Canosa Abogados\",\"isPartOf\":{\"@id\":\"https:\\\/\\\/canosa.com\\\/#website\"},\"datePublished\":\"2026-01-14T18:36:47+00:00\",\"dateModified\":\"2026-01-14T18:36:59+00:00\",\"author\":{\"@id\":\"https:\\\/\\\/canosa.com\\\/#\\\/schema\\\/person\\\/76176820718fc975b0b091e8a397a6ff\"},\"inLanguage\":\"es-ES\",\"potentialAction\":[{\"@type\":\"ReadAction\",\"target\":[\"https:\\\/\\\/canosa.com\\\/es\\\/la-igj-extiende-el-plazo-para-regularizar-presentaciones-contables\\\/\"]}]},{\"@type\":\"WebSite\",\"@id\":\"https:\\\/\\\/canosa.com\\\/#website\",\"url\":\"https:\\\/\\\/canosa.com\\\/\",\"name\":\"Canosa Abogados\",\"description\":\"Abogados\",\"potentialAction\":[{\"@type\":\"SearchAction\",\"target\":{\"@type\":\"EntryPoint\",\"urlTemplate\":\"https:\\\/\\\/canosa.com\\\/?s={search_term_string}\"},\"query-input\":{\"@type\":\"PropertyValueSpecification\",\"valueRequired\":true,\"valueName\":\"search_term_string\"}}],\"inLanguage\":\"es-ES\"},{\"@type\":\"Person\",\"@id\":\"https:\\\/\\\/canosa.com\\\/#\\\/schema\\\/person\\\/76176820718fc975b0b091e8a397a6ff\",\"name\":\"canosa\",\"image\":{\"@type\":\"ImageObject\",\"inLanguage\":\"es-ES\",\"@id\":\"https:\\\/\\\/secure.gravatar.com\\\/avatar\\\/6cd643e6a187fe6fe0aeed422915178fc5afba5be0d92e9868b082f185408f85?s=96&d=mm&r=g\",\"url\":\"https:\\\/\\\/secure.gravatar.com\\\/avatar\\\/6cd643e6a187fe6fe0aeed422915178fc5afba5be0d92e9868b082f185408f85?s=96&d=mm&r=g\",\"contentUrl\":\"https:\\\/\\\/secure.gravatar.com\\\/avatar\\\/6cd643e6a187fe6fe0aeed422915178fc5afba5be0d92e9868b082f185408f85?s=96&d=mm&r=g\",\"caption\":\"canosa\"},\"url\":\"https:\\\/\\\/canosa.com\\\/es\\\/author\\\/canosa\\\/\"}]}<\/script>\n<!-- \/ Yoast SEO plugin. -->","yoast_head_json":{"title":"La IGJ extiende el plazo para regularizar presentaciones contables - Canosa Abogados","robots":{"index":"index","follow":"follow","max-snippet":"max-snippet:-1","max-image-preview":"max-image-preview:large","max-video-preview":"max-video-preview:-1"},"canonical":"https:\/\/canosa.com\/es\/la-igj-extiende-el-plazo-para-regularizar-presentaciones-contables\/","og_locale":"es_ES","og_type":"article","og_title":"La IGJ extiende el plazo para regularizar presentaciones contables - Canosa Abogados","og_description":"El 26 de noviembre de 2025, la Inspecci\u00f3n General de Justicia (\u201cIGJ\u201d) dict\u00f3 la Resoluci\u00f3n General N\u00ba 6\/2025 (la \u201cResoluci\u00f3n\u201d), mediante la cual se dispuso la pr\u00f3rroga y ampliaci\u00f3n del r\u00e9gimen excepcional de regularizaci\u00f3n de presentaciones contables previsto por la Resoluci\u00f3n General IGJ N\u00ba 4\/2025. La medida se inscribe en el marco de las funciones &hellip; Continued","og_url":"https:\/\/canosa.com\/es\/la-igj-extiende-el-plazo-para-regularizar-presentaciones-contables\/","og_site_name":"Canosa Abogados","article_published_time":"2026-01-14T18:36:47+00:00","article_modified_time":"2026-01-14T18:36:59+00:00","author":"canosa","twitter_misc":{"Written by":"canosa","Est. reading time":"1 minute"},"schema":{"@context":"https:\/\/schema.org","@graph":[{"@type":"Article","@id":"https:\/\/canosa.com\/es\/la-igj-extiende-el-plazo-para-regularizar-presentaciones-contables\/#article","isPartOf":{"@id":"https:\/\/canosa.com\/es\/la-igj-extiende-el-plazo-para-regularizar-presentaciones-contables\/"},"author":{"name":"canosa","@id":"https:\/\/canosa.com\/#\/schema\/person\/76176820718fc975b0b091e8a397a6ff"},"headline":"La IGJ extiende el plazo para regularizar presentaciones contables","datePublished":"2026-01-14T18:36:47+00:00","dateModified":"2026-01-14T18:36:59+00:00","mainEntityOfPage":{"@id":"https:\/\/canosa.com\/es\/la-igj-extiende-el-plazo-para-regularizar-presentaciones-contables\/"},"wordCount":219,"articleSection":["Art\u00edculos"],"inLanguage":"es-ES"},{"@type":"WebPage","@id":"https:\/\/canosa.com\/es\/la-igj-extiende-el-plazo-para-regularizar-presentaciones-contables\/","url":"https:\/\/canosa.com\/es\/la-igj-extiende-el-plazo-para-regularizar-presentaciones-contables\/","name":"La IGJ extiende el plazo para regularizar presentaciones contables - Canosa Abogados","isPartOf":{"@id":"https:\/\/canosa.com\/#website"},"datePublished":"2026-01-14T18:36:47+00:00","dateModified":"2026-01-14T18:36:59+00:00","author":{"@id":"https:\/\/canosa.com\/#\/schema\/person\/76176820718fc975b0b091e8a397a6ff"},"inLanguage":"es-ES","potentialAction":[{"@type":"ReadAction","target":["https:\/\/canosa.com\/es\/la-igj-extiende-el-plazo-para-regularizar-presentaciones-contables\/"]}]},{"@type":"WebSite","@id":"https:\/\/canosa.com\/#website","url":"https:\/\/canosa.com\/","name":"Canosa Abogados","description":"Abogados","potentialAction":[{"@type":"SearchAction","target":{"@type":"EntryPoint","urlTemplate":"https:\/\/canosa.com\/?s={search_term_string}"},"query-input":{"@type":"PropertyValueSpecification","valueRequired":true,"valueName":"search_term_string"}}],"inLanguage":"es-ES"},{"@type":"Person","@id":"https:\/\/canosa.com\/#\/schema\/person\/76176820718fc975b0b091e8a397a6ff","name":"canosa","image":{"@type":"ImageObject","inLanguage":"es-ES","@id":"https:\/\/secure.gravatar.com\/avatar\/6cd643e6a187fe6fe0aeed422915178fc5afba5be0d92e9868b082f185408f85?s=96&d=mm&r=g","url":"https:\/\/secure.gravatar.com\/avatar\/6cd643e6a187fe6fe0aeed422915178fc5afba5be0d92e9868b082f185408f85?s=96&d=mm&r=g","contentUrl":"https:\/\/secure.gravatar.com\/avatar\/6cd643e6a187fe6fe0aeed422915178fc5afba5be0d92e9868b082f185408f85?s=96&d=mm&r=g","caption":"canosa"},"url":"https:\/\/canosa.com\/es\/author\/canosa\/"}]}},"_links":{"self":[{"href":"https:\/\/canosa.com\/es\/wp-json\/wp\/v2\/posts\/6150","targetHints":{"allow":["GET"]}}],"collection":[{"href":"https:\/\/canosa.com\/es\/wp-json\/wp\/v2\/posts"}],"about":[{"href":"https:\/\/canosa.com\/es\/wp-json\/wp\/v2\/types\/post"}],"author":[{"embeddable":true,"href":"https:\/\/canosa.com\/es\/wp-json\/wp\/v2\/users\/2"}],"replies":[{"embeddable":true,"href":"https:\/\/canosa.com\/es\/wp-json\/wp\/v2\/comments?post=6150"}],"version-history":[{"count":2,"href":"https:\/\/canosa.com\/es\/wp-json\/wp\/v2\/posts\/6150\/revisions"}],"predecessor-version":[{"id":6152,"href":"https:\/\/canosa.com\/es\/wp-json\/wp\/v2\/posts\/6150\/revisions\/6152"}],"wp:attachment":[{"href":"https:\/\/canosa.com\/es\/wp-json\/wp\/v2\/media?parent=6150"}],"wp:term":[{"taxonomy":"category","embeddable":true,"href":"https:\/\/canosa.com\/es\/wp-json\/wp\/v2\/categories?post=6150"},{"taxonomy":"post_tag","embeddable":true,"href":"https:\/\/canosa.com\/es\/wp-json\/wp\/v2\/tags?post=6150"}],"curies":[{"name":"wp","href":"https:\/\/api.w.org\/{rel}","templated":true}]}}